{"id":7213,"date":"2023-06-20T20:56:53","date_gmt":"2023-06-21T00:56:53","guid":{"rendered":"https:\/\/webdealta.info\/?p=7213"},"modified":"2023-06-20T20:58:20","modified_gmt":"2023-06-21T00:58:20","slug":"mas-alianzas-para-fortalecer-al-cnp-guarico","status":"publish","type":"post","link":"https:\/\/webdealta.info\/?p=7213","title":{"rendered":"M\u00e1s alianzas para fortalecer al CNP \u2013 Gu\u00e1rico"},"content":{"rendered":"\n<p>Profesionales de la comunicaci\u00f3n social, agremiados en el Colegio Nacional de Periodistas (CNP,) seccional Gu\u00e1rico, realizaron una mesa de trabajo con el gobernador Jos\u00e9 V\u00e1squez, con el prop\u00f3sito de exponer la situaci\u00f3n estructural de la sede, ubicada en la capital de esta entidad centro llanera, como parte de las acciones que est\u00e1n aplicando para su reactivaci\u00f3n f\u00edsica y funcional que permitan velar por el bienestar de sus integrantes y el cumplimiento del orden jur\u00eddico que las leyes venezolanas les han otorgado.\u00a0<\/p>\n\n\n\n<p>Tras exponer la situaci\u00f3n estructural y funcional de la sede del CNP \u2013 Gu\u00e1rico, adem\u00e1s de reconocer el letargo en el que se encontraban y la disposici\u00f3n que tienen los periodistas activos de la regi\u00f3n, el mandatario regional expres\u00f3 su plena disposici\u00f3n de prestar el apoyo institucional al gremio de profesionales de la comunicaci\u00f3n social, por cuanto reiter\u00f3 el respeto y alta valoraci\u00f3n que tiene hacia la funci\u00f3n social que cumplen los periodista para garantizar el acceso justo, equilibrado y oportuno de la informaci\u00f3n, tanto gubernamental como en todas las \u00e1reas que inciden en el bienestar de la sociedad.<\/p>\n\n\n\n<p>Es por ello, que el gobernador V\u00e1squez, luego de escuchar los planteamientos de los voceros del CNP \u2013 Gu\u00e1rico inform\u00f3 que incrementar\u00e1n las medidas de seguridad y resguardo de la sede gremial de los periodistas; y as\u00ed frenar cualquier acci\u00f3n ilegal contra esos espacios.<\/p>\n\n\n\n<p>Tambi\u00e9n, adelant\u00f3 que una comisi\u00f3n del \u00e1rea de Infraestructura y Servicios P\u00fablicos, realizar\u00e1n los estudios y acciones para la rehabilitaci\u00f3n de la sede, ya que reconoci\u00f3 que este apoyo institucional, incidir\u00e1 positivamente en la sociedad guarique\u00f1a, porque permitir\u00e1 a los periodistas ejercer eficazmente sus responsabilidades, no solamente de mantener informado al pueblo, sino de una manera veraz y oportuna, apegados a los valores \u00e9ticos. Adem\u00e1s de contribuir a la formaci\u00f3n de las nuevas generaciones, mientras que se trabaja paralelamente por el bienestar de los agremiados.<\/p>\n\n\n\n<p><strong>Activados y cohesionados<\/strong><\/p>\n\n\n\n<p>Este encuentro con la m\u00e1xima autoridad p\u00fablica del Gobierno Bolivariano en la regi\u00f3n, Jos\u00e9 V\u00e1squez, viene a complementar una serie de acciones previas realizadas por los agremiados del CNP \u2013 Gu\u00e1rico, cuyos integrantes est\u00e1n abocados a rescatar el gremio, tras un letargo de varios a\u00f1os, y han afirmado que trabajar\u00e1n de manera cohesionada y con visi\u00f3n prospectiva, para cumplir con los objetivos planteados, activar al CNP \u2013 Gu\u00e1rico.<\/p>\n\n\n\n<p><strong>Visi\u00f3n con acci\u00f3n<\/strong><\/p>\n\n\n\n<p>La ocasi\u00f3n fue propicia para que el gobernador Jos\u00e9 V\u00e1squez formulara una serie de recomendaciones para otorgar un valor agregado a los espacios del CNP \u2013 Gu\u00e1rico, que les permita la autosustentabilidad \u2013 una visi\u00f3n con acci\u00f3n \u2013 expres\u00f3 el mandatario para dejar claro la plena disposici\u00f3n que tiene de colocar a disposici\u00f3n de los periodistas guarique\u00f1os, a los expertos en formulaci\u00f3n de proyectos dirigidos, tanto a la sostenibilidad del gremio, como para el bienestar de sus miembros.<\/p>\n\n\n\n<p><strong>La representaci\u00f3n gremial<\/strong><\/p>\n\n\n\n<p>El Colegio Nacional de Periodistas, seccional Gu\u00e1rico, estuvo representada por Luis Blanco, Julio Rodr\u00edguez, Orlando Medina, Ram\u00f3n Figuera, Jorge Gonz\u00e1lez, Cristina Colmenares, Jhoara Mu\u00f1oz, Militza Mu\u00f1oz, Verlayne Garc\u00eda, Pedro Izzo, Richard Cede\u00f1o, Ang\u00e9lica Delfino y Grevimar Carpavire.<\/p>\n\n\n\n<p>Sibci Gu\u00e1rico<\/p>\n\n\n\n<p><\/p>\n","protected":false},"excerpt":{"rendered":"<p>Profesionales de la comunicaci\u00f3n social, agremiados en el Colegio Nacional de Periodistas (CNP,) seccional Gu\u00e1rico, realizaron una mesa de trabajo con el gobernador Jos\u00e9 V\u00e1squez, con el prop\u00f3sito de exponer la situaci\u00f3n estructural de la sede, ubicada en la capital de esta entidad centro llanera, como parte de las acciones<\/p>\n","protected":false},"author":2,"featured_media":7214,"comment_status":"open","ping_status":"open","sticky":false,"template":"","format":"standard","meta":{"advanced_seo_description":"","jetpack_seo_html_title":"","jetpack_seo_noindex":false,"_jetpack_memberships_contains_paid_content":false,"footnotes":"","jetpack_publicize_message":"","jetpack_publicize_feature_enabled":true,"jetpack_social_post_already_shared":true,"jetpack_social_options":{"image_generator_settings":{"template":"highway","enabled":false},"version":2}},"categories":[66,251],"tags":[8,7,32],"class_list":["post-7213","post","type-post","status-publish","format-standard","has-post-thumbnail","hentry","category-regionales","category-webdealta","tag-altagraciadeorituco","tag-guarico","tag-webdealta",""],"jetpack_publicize_connections":[],"jetpack_featured_media_url":"https:\/\/webdealta.info\/wp-content\/uploads\/2023\/06\/cnp-webdealta.png","jetpack_sharing_enabled":true,"jetpack_likes_enabled":true,"jetpack-related-posts":[],"jetpack_shortlink":"https:\/\/wp.me\/pcseDn-1Sl","_links":{"self":[{"href":"https:\/\/webdealta.info\/index.php?rest_route=\/wp\/v2\/posts\/7213","targetHints":{"allow":["GET"]}}],"collection":[{"href":"https:\/\/webdealta.info\/index.php?rest_route=\/wp\/v2\/posts"}],"about":[{"href":"https:\/\/webdealta.info\/index.php?rest_route=\/wp\/v2\/types\/post"}],"author":[{"embeddable":true,"href":"https:\/\/webdealta.info\/index.php?rest_route=\/wp\/v2\/users\/2"}],"replies":[{"embeddable":true,"href":"https:\/\/webdealta.info\/index.php?rest_route=%2Fwp%2Fv2%2Fcomments&post=7213"}],"version-history":[{"count":1,"href":"https:\/\/webdealta.info\/index.php?rest_route=\/wp\/v2\/posts\/7213\/revisions"}],"predecessor-version":[{"id":7215,"href":"https:\/\/webdealta.info\/index.php?rest_route=\/wp\/v2\/posts\/7213\/revisions\/7215"}],"wp:featuredmedia":[{"embeddable":true,"href":"https:\/\/webdealta.info\/index.php?rest_route=\/wp\/v2\/media\/7214"}],"wp:attachment":[{"href":"https:\/\/webdealta.info\/index.php?rest_route=%2Fwp%2Fv2%2Fmedia&parent=7213"}],"wp:term":[{"taxonomy":"category","embeddable":true,"href":"https:\/\/webdealta.info\/index.php?rest_route=%2Fwp%2Fv2%2Fcategories&post=7213"},{"taxonomy":"post_tag","embeddable":true,"href":"https:\/\/webdealta.info\/index.php?rest_route=%2Fwp%2Fv2%2Ftags&post=7213"}],"curies":[{"name":"wp","href":"https:\/\/api.w.org\/{rel}","templated":true}]}}