{"id":7208,"date":"2023-06-19T21:47:12","date_gmt":"2023-06-20T01:47:12","guid":{"rendered":"https:\/\/webdealta.info\/?p=7208"},"modified":"2023-06-19T21:47:15","modified_gmt":"2023-06-20T01:47:15","slug":"la-planta-tiene-mas-de-48-horas-sin-electricidad","status":"publish","type":"post","link":"https:\/\/webdealta.info\/?p=7208","title":{"rendered":"La Planta tiene m\u00e1s de 48 horas sin electricidad"},"content":{"rendered":"\n<p>Amanda Saldivia.-<\/p>\n\n\n\n<p>M\u00e1s de 100 familias del sector La Planta de Altagracia de Orituco est\u00e1 sin energ\u00eda el\u00e9ctrica desde el pasado s\u00e1bado 17 de junio, producto de la explosi\u00f3n de un transformador, el cual debe ser sustituido para poder restablecer el servicio.<\/p>\n\n\n\n<p>Trascendi\u00f3, a trav\u00e9s de Mary de Navas, integrante del Consejo Comunal, que realizaron las gestiones ante Corpoelec y directamente en la aplicaci\u00f3n del 1 x 10 del Buen Gobierno (VenApp), desde que se conoci\u00f3 la gravedad de la aver\u00eda. Sin embargo, a\u00fan no han recibido respuesta, situaci\u00f3n que preocupa a las familias que ya tienen m\u00e1s de dos d\u00edas sin electricidad.<\/p>\n\n\n\n<p>Entre las afectadas est\u00e1 Iliana Inojosa, quien reiter\u00f3 el llamado a las autoridades, para que agilicen la sustituci\u00f3n del transformador, porque no es f\u00e1cil estar sin energ\u00eda el\u00e9ctrica desde el pasado s\u00e1bado la 1:00 pm, sobre todo para los ni\u00f1os, discapacitados y adultos mayores.<\/p>\n\n\n\n<p>@amandasaldivia  <\/p>\n\n\n\n<p><\/p>\n","protected":false},"excerpt":{"rendered":"<p>Amanda Saldivia.- M\u00e1s de 100 familias del sector La Planta de Altagracia de Orituco est\u00e1 sin energ\u00eda el\u00e9ctrica desde el pasado s\u00e1bado 17 de junio, producto de la explosi\u00f3n de un transformador, el cual debe ser sustituido para poder restablecer el servicio. Trascendi\u00f3, a trav\u00e9s de Mary de Navas, integrante<\/p>\n","protected":false},"author":2,"featured_media":7209,"comment_status":"open","ping_status":"open","sticky":false,"template":"","format":"standard","meta":{"advanced_seo_description":"","jetpack_seo_html_title":"","jetpack_seo_noindex":false,"_jetpack_memberships_contains_paid_content":false,"footnotes":"","jetpack_publicize_message":"","jetpack_publicize_feature_enabled":true,"jetpack_social_post_already_shared":true,"jetpack_social_options":{"image_generator_settings":{"template":"highway","enabled":false},"version":2}},"categories":[268,251],"tags":[8,7,32],"class_list":["post-7208","post","type-post","status-publish","format-standard","has-post-thumbnail","hentry","category-servicios-publicos","category-webdealta","tag-altagraciadeorituco","tag-guarico","tag-webdealta",""],"jetpack_publicize_connections":[],"jetpack_featured_media_url":"https:\/\/webdealta.info\/wp-content\/uploads\/2023\/06\/la-planta-sin-luz-webdealta.png","jetpack_sharing_enabled":true,"jetpack_likes_enabled":true,"jetpack-related-posts":[],"jetpack_shortlink":"https:\/\/wp.me\/pcseDn-1Sg","_links":{"self":[{"href":"https:\/\/webdealta.info\/index.php?rest_route=\/wp\/v2\/posts\/7208","targetHints":{"allow":["GET"]}}],"collection":[{"href":"https:\/\/webdealta.info\/index.php?rest_route=\/wp\/v2\/posts"}],"about":[{"href":"https:\/\/webdealta.info\/index.php?rest_route=\/wp\/v2\/types\/post"}],"author":[{"embeddable":true,"href":"https:\/\/webdealta.info\/index.php?rest_route=\/wp\/v2\/users\/2"}],"replies":[{"embeddable":true,"href":"https:\/\/webdealta.info\/index.php?rest_route=%2Fwp%2Fv2%2Fcomments&post=7208"}],"version-history":[{"count":1,"href":"https:\/\/webdealta.info\/index.php?rest_route=\/wp\/v2\/posts\/7208\/revisions"}],"predecessor-version":[{"id":7210,"href":"https:\/\/webdealta.info\/index.php?rest_route=\/wp\/v2\/posts\/7208\/revisions\/7210"}],"wp:featuredmedia":[{"embeddable":true,"href":"https:\/\/webdealta.info\/index.php?rest_route=\/wp\/v2\/media\/7209"}],"wp:attachment":[{"href":"https:\/\/webdealta.info\/index.php?rest_route=%2Fwp%2Fv2%2Fmedia&parent=7208"}],"wp:term":[{"taxonomy":"category","embeddable":true,"href":"https:\/\/webdealta.info\/index.php?rest_route=%2Fwp%2Fv2%2Fcategories&post=7208"},{"taxonomy":"post_tag","embeddable":true,"href":"https:\/\/webdealta.info\/index.php?rest_route=%2Fwp%2Fv2%2Ftags&post=7208"}],"curies":[{"name":"wp","href":"https:\/\/api.w.org\/{rel}","templated":true}]}}