{"id":7202,"date":"2023-06-19T21:12:50","date_gmt":"2023-06-20T01:12:50","guid":{"rendered":"https:\/\/webdealta.info\/?p=7202"},"modified":"2023-06-19T21:13:08","modified_gmt":"2023-06-20T01:13:08","slug":"guarico-tiene-representantes-a-talento-de-corazon-juvenil","status":"publish","type":"post","link":"https:\/\/webdealta.info\/?p=7202","title":{"rendered":"Gu\u00e1rico tiene representantes a Talento de Coraz\u00f3n Juvenil"},"content":{"rendered":"\n<p>El Teatro Sim\u00f3n Bol\u00edvar de San Juan de los Morros, capital del estado Gu\u00e1rico, sirvi\u00f3 de escenario para que j\u00f3venes, entre 11 y 17 a\u00f1os de edad, provenientes de los 15 municipios de la entidad estatal, participaran en la \u00faltima fase del casting para representar a la regi\u00f3n llanera en el programa nacional Talento de Coraz\u00f3n Juvenil.<\/p>\n\n\n\n<p>28 j\u00f3venes seleccionados previamente en las audiciones realizadas los d\u00edas 9, 10 y 11 en las ciudades capitales de las diferentes entidades municipales de la regi\u00f3n, se disputaron la clasificaci\u00f3n en tres renglones o categor\u00edas diferentes: Recio, estilizado y pasaje, las cuales permitieron a los participantes desenvolverse f\u00e1cilmente en cada uno de sus fuertes.<\/p>\n\n\n\n<p>En base a esto, el jurado calificador conformado por los cantantes de m\u00fasica llanera, Mariangela Linares, \u00c1ngelo Campero y Manuel Garc\u00eda, seleccion\u00f3 a los adolescentes Jos\u00e9 Mendoza, representante del municipio Ortiz, Victoria Delgado del municipio Leonardo Infante, Sof\u00eda Barrios y Jackmer Rodr\u00edguez, ambos pertenecientes al municipio Juan Germ\u00e1n Roscio Nieves, como las voces ganadoras, encargadas de representar al estado Gu\u00e1rico en la competencia nacional.&nbsp;&nbsp;<\/p>\n\n\n\n<p>Al respecto, el representante regional de Coraz\u00f3n Llanero, Nicol\u00e1s Gonz\u00e1lez, expres\u00f3, \u201cmuchas gracias al gobernador Jos\u00e9 V\u00e1squez, a la primera combatiente Fabiola De C\u00f3rdova, al jurado calificador, a las mesas t\u00e9cnicas, a Fundaculgua y todo el equipo detr\u00e1s de este maravilloso proyecto que busca enaltecer la cultura. El d\u00eda de hoy estaremos seleccionando a las mejores voces, las cuales sin duda alguna dejar\u00e1n en alto el nombre de nuestro estado en la gala final que se llevar\u00e1 a cabo en Caracas\u201d.<\/p>\n\n\n\n<p>Por su parte, Sof\u00eda Barrios, una de las ganadoras de la noche, coment\u00f3 \u201cestoy muy agradecida con el programa Talento de Coraz\u00f3n por haberme abierto las puertas para poder expresar mi talento, sin duda, es un todo un honor representar a mi hermoso estado Gu\u00e1rico en este gran evento nacional\u201d.<\/p>\n\n\n\n<p>En ese orden de ideas, Luis Motta, coordinador y delegado de Talento de Coraz\u00f3n Juvenil del municipio Juan Germ\u00e1n Roscio Nieves manifest\u00f3 su satisfacci\u00f3n con respecto a los resultados obtenidos, felicit\u00f3 a todos los municipios participantes, y acot\u00f3 \u201cen uni\u00f3n con los delegados de los diferentes municipios, y el resto del equipo estamos materializando este proyecto tan hermoso que est\u00e1 cargado de talento\u201d.<\/p>\n\n\n\n<p>Cabe destacar que, el evento cont\u00f3 con la presencia del alcalde del municipio Jos\u00e9 Tadeo Monagas, Pedro Sol\u00f3rzano; el presidente del Instituto de la Juventud del estado Bolivariano de Gu\u00e1rico (Injuvebg), Luis Nadales; la autoridad \u00fanica en Educaci\u00f3n de la regi\u00f3n llanera, El\u00edas Zurita y la secretaria ejecutiva de Obras y Servicios P\u00fablicos, Maricarmen Monsalve. <\/p>\n\n\n\n<p>De esta forma, Talento de Coraz\u00f3n reitera su compromiso con la m\u00fasica, la cultura y el arte del pa\u00eds, siendo parte del gran trabajo que viene realizando la Fundaci\u00f3n Coraz\u00f3n llanero Multimedia en pro del talento nacional en sus diversas expresiones y manifestaciones, con \u00e9nfasis en la m\u00fasica llanera; lo que hoy le hace ver ante el pa\u00eds, como\u00a0el epicentro de la cultura musical de Venezuela.<\/p>\n\n\n\n<p><strong>Sibci Gu\u00e1rico<\/strong><\/p>\n\n\n\n<p><\/p>\n","protected":false},"excerpt":{"rendered":"<p>El Teatro Sim\u00f3n Bol\u00edvar de San Juan de los Morros, capital del estado Gu\u00e1rico, sirvi\u00f3 de escenario para que j\u00f3venes, entre 11 y 17 a\u00f1os de edad, provenientes de los 15 municipios de la entidad estatal, participaran en la \u00faltima fase del casting para representar a la regi\u00f3n llanera en<\/p>\n","protected":false},"author":2,"featured_media":7203,"comment_status":"open","ping_status":"open","sticky":false,"template":"","format":"standard","meta":{"advanced_seo_description":"","jetpack_seo_html_title":"","jetpack_seo_noindex":false,"_jetpack_memberships_contains_paid_content":false,"footnotes":"","jetpack_publicize_message":"","jetpack_publicize_feature_enabled":true,"jetpack_social_post_already_shared":true,"jetpack_social_options":{"image_generator_settings":{"template":"highway","enabled":false},"version":2}},"categories":[66,251],"tags":[8,7,32],"class_list":["post-7202","post","type-post","status-publish","format-standard","has-post-thumbnail","hentry","category-regionales","category-webdealta","tag-altagraciadeorituco","tag-guarico","tag-webdealta",""],"jetpack_publicize_connections":[],"jetpack_featured_media_url":"https:\/\/webdealta.info\/wp-content\/uploads\/2023\/06\/talento-2023-webdealta-corazon.png","jetpack_sharing_enabled":true,"jetpack_likes_enabled":true,"jetpack-related-posts":[],"jetpack_shortlink":"https:\/\/wp.me\/pcseDn-1Sa","_links":{"self":[{"href":"https:\/\/webdealta.info\/index.php?rest_route=\/wp\/v2\/posts\/7202","targetHints":{"allow":["GET"]}}],"collection":[{"href":"https:\/\/webdealta.info\/index.php?rest_route=\/wp\/v2\/posts"}],"about":[{"href":"https:\/\/webdealta.info\/index.php?rest_route=\/wp\/v2\/types\/post"}],"author":[{"embeddable":true,"href":"https:\/\/webdealta.info\/index.php?rest_route=\/wp\/v2\/users\/2"}],"replies":[{"embeddable":true,"href":"https:\/\/webdealta.info\/index.php?rest_route=%2Fwp%2Fv2%2Fcomments&post=7202"}],"version-history":[{"count":1,"href":"https:\/\/webdealta.info\/index.php?rest_route=\/wp\/v2\/posts\/7202\/revisions"}],"predecessor-version":[{"id":7204,"href":"https:\/\/webdealta.info\/index.php?rest_route=\/wp\/v2\/posts\/7202\/revisions\/7204"}],"wp:featuredmedia":[{"embeddable":true,"href":"https:\/\/webdealta.info\/index.php?rest_route=\/wp\/v2\/media\/7203"}],"wp:attachment":[{"href":"https:\/\/webdealta.info\/index.php?rest_route=%2Fwp%2Fv2%2Fmedia&parent=7202"}],"wp:term":[{"taxonomy":"category","embeddable":true,"href":"https:\/\/webdealta.info\/index.php?rest_route=%2Fwp%2Fv2%2Fcategories&post=7202"},{"taxonomy":"post_tag","embeddable":true,"href":"https:\/\/webdealta.info\/index.php?rest_route=%2Fwp%2Fv2%2Ftags&post=7202"}],"curies":[{"name":"wp","href":"https:\/\/api.w.org\/{rel}","templated":true}]}}