{"id":7193,"date":"2023-06-18T18:14:37","date_gmt":"2023-06-18T22:14:37","guid":{"rendered":"https:\/\/webdealta.info\/?p=7193"},"modified":"2023-06-18T18:15:08","modified_gmt":"2023-06-18T22:15:08","slug":"programa-en-directo-con-el-gobernador-llego-a-la-emision-200","status":"publish","type":"post","link":"https:\/\/webdealta.info\/?p=7193","title":{"rendered":"Programa En Directo con el Gobernador lleg\u00f3 a la emisi\u00f3n 200"},"content":{"rendered":"\n<p>Sibci Gu\u00e1rico.-<\/p>\n\n\n\n<p>El programa semanal multimedia En Directo con el Gobernador arrib\u00f3 a su emisi\u00f3n n\u00famero 200, celebrando m\u00e1s de dos a\u00f1os, a trav\u00e9s de los cuales el mandatario regional, Jos\u00e9 Manuel V\u00e1squez, ha venido impulsado la pol\u00edtica comunicacional de mantener al pueblo informado y en interacci\u00f3n sobre las buenas nuevas, obras y aconteceres que ocurren en los 15 municipios de la entidad llanera.<\/p>\n\n\n\n<p>En este sentido, desde el Teatro Sim\u00f3n Bol\u00edvar y con una participaci\u00f3n multitudinaria, de las organizaciones del Poder Popular, se transmiti\u00f3 por redes sociales, radio y televisi\u00f3n esta plataforma que conecta al pueblo guarique\u00f1o, donde el l\u00edder regional indic\u00f3 \u00abSon m\u00e1s de 200 semanas de comunicaci\u00f3n e informaci\u00f3n con nuestro pueblo\u00bb.<\/p>\n\n\n\n<p>A prop\u00f3sito de esto, el mandatario regional indic\u00f3 que naci\u00f3 a trav\u00e9s de la necesidad medi\u00e1tica de acortar distancias, tomando como modelo la pol\u00edtica comunicacional del Comandante Hugo Ch\u00e1vez,&nbsp; \u00abAl\u00f3 Presidente nos ense\u00f1\u00f3 a comunicarnos con el pueblo\u00bb.<\/p>\n\n\n\n<p>Asimismo, V\u00e1squez resalt\u00f3 la importancia de&nbsp; comunicar la verdad a todo el pueblo, teniendo en cuenta los valores comunicacionales como transparencia, \u00e9tica, objetividad, balance, equidad, y sobre todo la responsabilidad.<\/p>\n\n\n\n<p>Dentro de este contexto, el programa del gobernador se ha caracterizado por anunciar buenas nuevas y llevar beneficios a las distintas comunidades del estado Gu\u00e1rico, teniendo en cuenta que estas 200 emisiones han sido realizadas desde los 15 municipios de la entidad llanera.<\/p>\n\n\n\n<p>Tambi\u00e9n la ocasi\u00f3n fue propicia para que el gobernador hiciera un reconocimiento p\u00fablico al equipo de producci\u00f3n, que siempre est\u00e1 detr\u00e1s de c\u00e1maras al frente de las labores pertinentes \u00abAqu\u00ed hay trabajadores y trabajadoras que iniciaron desde el programa n\u00famero 1\u00bb, &nbsp;destacando su valiosa labor para que se lleve a cabo con \u00e9xito el programa.<\/p>\n\n\n\n<p>Por otra parte, la primera combatiente, Dra. Fabiola de C\u00f3rdova, expres\u00f3 \u00abQuiero que se sientan orgullosos del gobernador que tienen, son a\u00f1os de sacrificio, pensando primero en el pueblo. Adem\u00e1s lo felicit\u00f3 porque es un excelente trabajo en equipo para que el pueblo reciba lo que merece\u00bb.<\/p>\n\n\n\n<p>Para finalizar, la actividad estuvo cargada de valores culturales, donde prevaleci\u00f3 el sentimiento nacional al escuchar el sonar del arpa, cuatro y maracas, con la participaci\u00f3n de m\u00e1s de diez cantantes de talla regional y nacional, a lo que el gobernador resalt\u00f3 \u00abhan sido 200 ediciones de cultura y tradici\u00f3n\u00bb, haciendo referencia a que en todas las emisiones est\u00e1 presente la m\u00fasica llanera.  <\/p>\n\n\n\n<p>Fotos Sibci Gu\u00e1rico<\/p>\n\n\n\n<p><\/p>\n","protected":false},"excerpt":{"rendered":"<p>Sibci Gu\u00e1rico.- El programa semanal multimedia En Directo con el Gobernador arrib\u00f3 a su emisi\u00f3n n\u00famero 200, celebrando m\u00e1s de dos a\u00f1os, a trav\u00e9s de los cuales el mandatario regional, Jos\u00e9 Manuel V\u00e1squez, ha venido impulsado la pol\u00edtica comunicacional de mantener al pueblo informado y en interacci\u00f3n sobre las buenas<\/p>\n","protected":false},"author":2,"featured_media":7194,"comment_status":"open","ping_status":"open","sticky":false,"template":"","format":"standard","meta":{"advanced_seo_description":"","jetpack_seo_html_title":"","jetpack_seo_noindex":false,"_jetpack_memberships_contains_paid_content":false,"footnotes":"","jetpack_publicize_message":"","jetpack_publicize_feature_enabled":true,"jetpack_social_post_already_shared":true,"jetpack_social_options":{"image_generator_settings":{"template":"highway","enabled":false},"version":2}},"categories":[66,251],"tags":[8,7,32],"class_list":["post-7193","post","type-post","status-publish","format-standard","has-post-thumbnail","hentry","category-regionales","category-webdealta","tag-altagraciadeorituco","tag-guarico","tag-webdealta",""],"jetpack_publicize_connections":[],"jetpack_featured_media_url":"https:\/\/webdealta.info\/wp-content\/uploads\/2023\/06\/el-directo-webdealta.png","jetpack_sharing_enabled":true,"jetpack_likes_enabled":true,"jetpack-related-posts":[],"jetpack_shortlink":"https:\/\/wp.me\/pcseDn-1S1","_links":{"self":[{"href":"https:\/\/webdealta.info\/index.php?rest_route=\/wp\/v2\/posts\/7193","targetHints":{"allow":["GET"]}}],"collection":[{"href":"https:\/\/webdealta.info\/index.php?rest_route=\/wp\/v2\/posts"}],"about":[{"href":"https:\/\/webdealta.info\/index.php?rest_route=\/wp\/v2\/types\/post"}],"author":[{"embeddable":true,"href":"https:\/\/webdealta.info\/index.php?rest_route=\/wp\/v2\/users\/2"}],"replies":[{"embeddable":true,"href":"https:\/\/webdealta.info\/index.php?rest_route=%2Fwp%2Fv2%2Fcomments&post=7193"}],"version-history":[{"count":2,"href":"https:\/\/webdealta.info\/index.php?rest_route=\/wp\/v2\/posts\/7193\/revisions"}],"predecessor-version":[{"id":7196,"href":"https:\/\/webdealta.info\/index.php?rest_route=\/wp\/v2\/posts\/7193\/revisions\/7196"}],"wp:featuredmedia":[{"embeddable":true,"href":"https:\/\/webdealta.info\/index.php?rest_route=\/wp\/v2\/media\/7194"}],"wp:attachment":[{"href":"https:\/\/webdealta.info\/index.php?rest_route=%2Fwp%2Fv2%2Fmedia&parent=7193"}],"wp:term":[{"taxonomy":"category","embeddable":true,"href":"https:\/\/webdealta.info\/index.php?rest_route=%2Fwp%2Fv2%2Fcategories&post=7193"},{"taxonomy":"post_tag","embeddable":true,"href":"https:\/\/webdealta.info\/index.php?rest_route=%2Fwp%2Fv2%2Ftags&post=7193"}],"curies":[{"name":"wp","href":"https:\/\/api.w.org\/{rel}","templated":true}]}}