{"id":7184,"date":"2023-06-15T20:12:37","date_gmt":"2023-06-16T00:12:37","guid":{"rendered":"https:\/\/webdealta.info\/?p=7184"},"modified":"2023-06-15T20:15:12","modified_gmt":"2023-06-16T00:15:12","slug":"gremio-de-periodistas-inicia-acciones-de-rescate-del-cnp-guarico","status":"publish","type":"post","link":"https:\/\/webdealta.info\/?p=7184","title":{"rendered":"Gremio de periodistas inicia acciones de rescate del CNP Gu\u00e1rico"},"content":{"rendered":"\n<p>CNP Gu\u00e1rico.-<\/p>\n\n\n\n<p>Una representaci\u00f3n del gremio de periodistas en Gu\u00e1rico sostuvo un encuentro con la alcaldesa de municipio Roscio, este jueves 15 de junio, en el cual se establecieron acuerdos enmarcados en el rescate del Colegio Nacional de Periodistas (CNP).<\/p>\n\n\n\n<p>La reuni\u00f3n que se llev\u00f3 a cabo en el despacho de la alcaldesa Sulme \u00c1vila, permiti\u00f3 a los comunicadores sociales plantear la problem\u00e1tica del CNP seccional Gu\u00e1rico respecto a las condiciones actuales de la propiedad del gremio de periodistas.<\/p>\n\n\n\n<p>Ante esta situaci\u00f3n, \u00c1vila ofreci\u00f3 una limpieza profunda en los terrenos del CNP, para el pr\u00f3ximo lunes 19 de junio, en horas de la ma\u00f1ana. Adem\u00e1s, asegur\u00f3 que contribuir\u00e1 con algunos postes y material de construcci\u00f3n que marcar\u00e1n el inicio de la rehabilitaci\u00f3n en los espacios del CNP Gu\u00e1rico.<\/p>\n\n\n\n<p>En este sentido, el gremio de periodistas tiene previsto reunirse en los pr\u00f3ximos d\u00edas con el gobernador Jos\u00e9 V\u00e1squez, en busca de nuevos acuerdos que favorecer\u00e1n el rescate de las instalaciones del CNP en la capital de Gu\u00e1rico.<\/p>\n\n\n\n<p><strong>Encuentro con el Fiscal Superior<\/strong><\/p>\n\n\n\n<p>El pasado mi\u00e9rcoles 14 de junio, el gremio period\u00edstico tambi\u00e9n sostuvo un encuentro con el Dr. Dixon Zerpa, Fiscal Superior de Gu\u00e1rico, en el Ministerio P\u00fablico de San Juan de los Morros, con quien se trataron asuntos correspondientes a la invasi\u00f3n y da\u00f1os a la propiedad del CNP regional.<\/p>\n\n\n\n<p>Con estas acciones damos inicio al rescate de nuestra sede, esperando una mayor integraci\u00f3n de los colegas agremiados y futuros periodistas.  <\/p>\n\n\n\n<p><\/p>\n","protected":false},"excerpt":{"rendered":"<p>CNP Gu\u00e1rico.- Una representaci\u00f3n del gremio de periodistas en Gu\u00e1rico sostuvo un encuentro con la alcaldesa de municipio Roscio, este jueves 15 de junio, en el cual se establecieron acuerdos enmarcados en el rescate del Colegio Nacional de Periodistas (CNP). La reuni\u00f3n que se llev\u00f3 a cabo en el despacho<\/p>\n","protected":false},"author":2,"featured_media":7185,"comment_status":"open","ping_status":"open","sticky":false,"template":"","format":"standard","meta":{"advanced_seo_description":"","jetpack_seo_html_title":"","jetpack_seo_noindex":false,"_jetpack_memberships_contains_paid_content":false,"footnotes":"","jetpack_publicize_message":"","jetpack_publicize_feature_enabled":true,"jetpack_social_post_already_shared":true,"jetpack_social_options":{"image_generator_settings":{"template":"highway","enabled":false},"version":2}},"categories":[66,251],"tags":[8,7,32],"class_list":["post-7184","post","type-post","status-publish","format-standard","has-post-thumbnail","hentry","category-regionales","category-webdealta","tag-altagraciadeorituco","tag-guarico","tag-webdealta",""],"jetpack_publicize_connections":[],"jetpack_featured_media_url":"https:\/\/webdealta.info\/wp-content\/uploads\/2023\/06\/cnp-2023.png","jetpack_sharing_enabled":true,"jetpack_likes_enabled":true,"jetpack-related-posts":[],"jetpack_shortlink":"https:\/\/wp.me\/pcseDn-1RS","_links":{"self":[{"href":"https:\/\/webdealta.info\/index.php?rest_route=\/wp\/v2\/posts\/7184","targetHints":{"allow":["GET"]}}],"collection":[{"href":"https:\/\/webdealta.info\/index.php?rest_route=\/wp\/v2\/posts"}],"about":[{"href":"https:\/\/webdealta.info\/index.php?rest_route=\/wp\/v2\/types\/post"}],"author":[{"embeddable":true,"href":"https:\/\/webdealta.info\/index.php?rest_route=\/wp\/v2\/users\/2"}],"replies":[{"embeddable":true,"href":"https:\/\/webdealta.info\/index.php?rest_route=%2Fwp%2Fv2%2Fcomments&post=7184"}],"version-history":[{"count":1,"href":"https:\/\/webdealta.info\/index.php?rest_route=\/wp\/v2\/posts\/7184\/revisions"}],"predecessor-version":[{"id":7186,"href":"https:\/\/webdealta.info\/index.php?rest_route=\/wp\/v2\/posts\/7184\/revisions\/7186"}],"wp:featuredmedia":[{"embeddable":true,"href":"https:\/\/webdealta.info\/index.php?rest_route=\/wp\/v2\/media\/7185"}],"wp:attachment":[{"href":"https:\/\/webdealta.info\/index.php?rest_route=%2Fwp%2Fv2%2Fmedia&parent=7184"}],"wp:term":[{"taxonomy":"category","embeddable":true,"href":"https:\/\/webdealta.info\/index.php?rest_route=%2Fwp%2Fv2%2Fcategories&post=7184"},{"taxonomy":"post_tag","embeddable":true,"href":"https:\/\/webdealta.info\/index.php?rest_route=%2Fwp%2Fv2%2Ftags&post=7184"}],"curies":[{"name":"wp","href":"https:\/\/api.w.org\/{rel}","templated":true}]}}