{"id":7176,"date":"2023-06-14T20:17:25","date_gmt":"2023-06-15T00:17:25","guid":{"rendered":"https:\/\/webdealta.info\/?p=7176"},"modified":"2023-06-14T20:18:03","modified_gmt":"2023-06-15T00:18:03","slug":"fortalecida-la-programacion-para-las-ii-ferias-morros-2023","status":"publish","type":"post","link":"https:\/\/webdealta.info\/?p=7176","title":{"rendered":"Fortalecida la programaci\u00f3n para las II Ferias Morros 2023"},"content":{"rendered":"\n<p>Con la intenci\u00f3n de planificar adecuadamente la celebraci\u00f3n de las ferias en honor a San Juan Bautista, el comit\u00e9 organizador ha instalado una mesa de trabajo para el desarrollo del evento y actividades relacionadas, de las cuales se estima incentivar el \u00e1mbito tur\u00edstico y cultural de la capital guarique\u00f1a San Juan de los Morros.<\/p>\n\n\n\n<p>En este sentido, la primera acci\u00f3n desarrollada fue dirigida hacia el tradicional Reinado, a trav\u00e9s de la selecci\u00f3n y casting de las 16 candidatas, con la intenci\u00f3n de enaltecer la belleza y valores de las mujeres guarique\u00f1as, de igual forma, se han evaluado las instrucciones para el desfile local y la caravana de las candidatas dentro de la jurisdicci\u00f3n.<\/p>\n\n\n\n<p>Asimismo, se realizaron estudios log\u00edsticos y estrat\u00e9gicos para la festividad, al igual que la socializaci\u00f3n de los aspectos recreativos, entre ellos encuentros deportivos y espect\u00e1culos: noche bailable y amanecer llanero. De esta forma, la conmemoraci\u00f3n integrar\u00e1 parte de la planificaci\u00f3n a nivel nacional para exaltar la expresi\u00f3n cultural y religiosa.&nbsp;<\/p>\n\n\n\n<p>A su vez, la celebraci\u00f3n contar\u00e1 con la presencia de emprendedores regionales y nacionales para brindar el apoyo y espacios, en el que puedan promocionar sus negocios y hacerse conocer, ofreciendo diversos espacios culinarios y de productos al p\u00fablico, contribuyendo al aspecto econ\u00f3mico y el refuerzo de una grata experiencia, guiados por los lineamientos del jefe del gabinete de gobierno, C\u00e9sar G\u00f3mez.<\/p>\n\n\n\n<p>Con este contexto, los encargados debatieron sobre acciones en otros \u00e1mbitos, para garantizar los servicios p\u00fablicos, de salud, seguridad, infraestructura y transporte, y de esta forma ofrecer un servicio de calidad y resultados positivos que resuelvan las necesidades principales del pueblo.<\/p>\n\n\n\n<p>Sibci Gu\u00e1rico<\/p>\n","protected":false},"excerpt":{"rendered":"<p>Con la intenci\u00f3n de planificar adecuadamente la celebraci\u00f3n de las ferias en honor a San Juan Bautista, el comit\u00e9 organizador ha instalado una mesa de trabajo para el desarrollo del evento y actividades relacionadas, de las cuales se estima incentivar el \u00e1mbito tur\u00edstico y cultural de la capital guarique\u00f1a San<\/p>\n","protected":false},"author":2,"featured_media":7177,"comment_status":"open","ping_status":"open","sticky":false,"template":"","format":"standard","meta":{"advanced_seo_description":"","jetpack_seo_html_title":"","jetpack_seo_noindex":false,"_jetpack_memberships_contains_paid_content":false,"footnotes":"","jetpack_publicize_message":"","jetpack_publicize_feature_enabled":true,"jetpack_social_post_already_shared":true,"jetpack_social_options":{"image_generator_settings":{"template":"highway","enabled":false},"version":2}},"categories":[66,251],"tags":[8,7,32],"class_list":["post-7176","post","type-post","status-publish","format-standard","has-post-thumbnail","hentry","category-regionales","category-webdealta","tag-altagraciadeorituco","tag-guarico","tag-webdealta",""],"jetpack_publicize_connections":[],"jetpack_featured_media_url":"https:\/\/webdealta.info\/wp-content\/uploads\/2023\/06\/ferias-morros-2023-junio-24.png","jetpack_sharing_enabled":true,"jetpack_likes_enabled":true,"jetpack-related-posts":[],"jetpack_shortlink":"https:\/\/wp.me\/pcseDn-1RK","_links":{"self":[{"href":"https:\/\/webdealta.info\/index.php?rest_route=\/wp\/v2\/posts\/7176","targetHints":{"allow":["GET"]}}],"collection":[{"href":"https:\/\/webdealta.info\/index.php?rest_route=\/wp\/v2\/posts"}],"about":[{"href":"https:\/\/webdealta.info\/index.php?rest_route=\/wp\/v2\/types\/post"}],"author":[{"embeddable":true,"href":"https:\/\/webdealta.info\/index.php?rest_route=\/wp\/v2\/users\/2"}],"replies":[{"embeddable":true,"href":"https:\/\/webdealta.info\/index.php?rest_route=%2Fwp%2Fv2%2Fcomments&post=7176"}],"version-history":[{"count":1,"href":"https:\/\/webdealta.info\/index.php?rest_route=\/wp\/v2\/posts\/7176\/revisions"}],"predecessor-version":[{"id":7178,"href":"https:\/\/webdealta.info\/index.php?rest_route=\/wp\/v2\/posts\/7176\/revisions\/7178"}],"wp:featuredmedia":[{"embeddable":true,"href":"https:\/\/webdealta.info\/index.php?rest_route=\/wp\/v2\/media\/7177"}],"wp:attachment":[{"href":"https:\/\/webdealta.info\/index.php?rest_route=%2Fwp%2Fv2%2Fmedia&parent=7176"}],"wp:term":[{"taxonomy":"category","embeddable":true,"href":"https:\/\/webdealta.info\/index.php?rest_route=%2Fwp%2Fv2%2Fcategories&post=7176"},{"taxonomy":"post_tag","embeddable":true,"href":"https:\/\/webdealta.info\/index.php?rest_route=%2Fwp%2Fv2%2Ftags&post=7176"}],"curies":[{"name":"wp","href":"https:\/\/api.w.org\/{rel}","templated":true}]}}