{"id":7172,"date":"2023-06-14T20:03:42","date_gmt":"2023-06-15T00:03:42","guid":{"rendered":"https:\/\/webdealta.info\/?p=7172"},"modified":"2023-06-14T20:03:50","modified_gmt":"2023-06-15T00:03:50","slug":"buscan-optimizar-distribucion-de-gas-domestico-en-guarico","status":"publish","type":"post","link":"https:\/\/webdealta.info\/?p=7172","title":{"rendered":"Buscan optimizar distribuci\u00f3n de gas dom\u00e9stico en Gu\u00e1rico"},"content":{"rendered":"\n<p>Prensa DigasGua.<em>&#8211;<\/em><\/p>\n\n\n\n<p>En aras de garantizar una mejor atenci\u00f3n a las comunidades del estado Gu\u00e1rico, la gerencia regional de Pdvsa Gas Comunal, sostuvo una reuni\u00f3n con las Empresas de Propiedad Social Directa Comunal (Epsdc), cuyo encuentro permiti\u00f3 revisar y planificar diversas estrategias de distribuci\u00f3n de gas dom\u00e9stico en los 15 municipios y 39 parroquias guarique\u00f1as.<\/p>\n\n\n\n<p>El encuentro estuvo a cargo por la economista Rosibel Rivas, gerente de Pdvsa Gas Comunal en Gu\u00e1rico y el G\/D Jos\u00e9 Dionisio Goncalvez, presidente de DigasGua, entre los puntos m\u00e1s resaltantes tratados durante la reuni\u00f3n, destacan los ciclos de distribuci\u00f3n del combustible dom\u00e9stico en la regi\u00f3n llanera, los cuales se mantienen para favorecer a las familias en un per\u00edodo no mayor a 21 d\u00edas, resguardando as\u00ed, el bienestar y la tranquilidad de todo el estado.<\/p>\n\n\n\n<p>Es v\u00e1lido resaltar que, el trabajo articulado entre el gobernador del estado, Jos\u00e9 V\u00e1squez y Pdvsa Gas Comunal, ha permitido que, a trav\u00e9s de las cinco plantas de llenado de GLP ubicadas en diversos municipios del estado, actualmente en el territorio llanero se mantenga una perfecta, coordinada y planificada distribuci\u00f3n del servicio, acci\u00f3n que tambi\u00e9n se le atribuye a la distribuidora de gas DigasGua y a los l\u00edderes y lideresas del Clap.<\/p>\n\n\n\n<p>Esta mesa extraordinaria se rige de acuerdo a los lineamientos nacionales de la empresa Pdvsa Gas Comunal, establecidos durante el encuentro realizado en d\u00edas pasados con gerentes nacionales y estadales de este ente rector de GLP en el pa\u00eds, y que cont\u00f3 con la participaci\u00f3n del vicepresidente Sectorial de Obras y Servicios, Nestor Reverol; el G\/D Pedro Caldera P\u00e9rez, presidente de Pdvsa Gas Comunal; la economista Rosibel Rivas (gerente de Gas Comunal Gu\u00e1rico); el G\/D Jos\u00e9 Dionisio Goncalvez, presidente de la Distribuidora de Gas Gu\u00e1rico (DigasGua) y otras personalidades.   <\/p>\n\n\n\n<p><\/p>\n","protected":false},"excerpt":{"rendered":"<p>Prensa DigasGua.&#8211; En aras de garantizar una mejor atenci\u00f3n a las comunidades del estado Gu\u00e1rico, la gerencia regional de Pdvsa Gas Comunal, sostuvo una reuni\u00f3n con las Empresas de Propiedad Social Directa Comunal (Epsdc), cuyo encuentro permiti\u00f3 revisar y planificar diversas estrategias de distribuci\u00f3n de gas dom\u00e9stico en los 15<\/p>\n","protected":false},"author":2,"featured_media":7173,"comment_status":"open","ping_status":"open","sticky":false,"template":"","format":"standard","meta":{"advanced_seo_description":"","jetpack_seo_html_title":"","jetpack_seo_noindex":false,"_jetpack_memberships_contains_paid_content":false,"footnotes":"","jetpack_publicize_message":"","jetpack_publicize_feature_enabled":true,"jetpack_social_post_already_shared":true,"jetpack_social_options":{"image_generator_settings":{"template":"highway","enabled":false},"version":2}},"categories":[22,251],"tags":[8,7,32],"class_list":["post-7172","post","type-post","status-publish","format-standard","has-post-thumbnail","hentry","category-gas-domestico","category-webdealta","tag-altagraciadeorituco","tag-guarico","tag-webdealta",""],"jetpack_publicize_connections":[],"jetpack_featured_media_url":"https:\/\/webdealta.info\/wp-content\/uploads\/2023\/06\/goncalvez-webdealta-2023.png","jetpack_sharing_enabled":true,"jetpack_likes_enabled":true,"jetpack-related-posts":[],"jetpack_shortlink":"https:\/\/wp.me\/pcseDn-1RG","_links":{"self":[{"href":"https:\/\/webdealta.info\/index.php?rest_route=\/wp\/v2\/posts\/7172","targetHints":{"allow":["GET"]}}],"collection":[{"href":"https:\/\/webdealta.info\/index.php?rest_route=\/wp\/v2\/posts"}],"about":[{"href":"https:\/\/webdealta.info\/index.php?rest_route=\/wp\/v2\/types\/post"}],"author":[{"embeddable":true,"href":"https:\/\/webdealta.info\/index.php?rest_route=\/wp\/v2\/users\/2"}],"replies":[{"embeddable":true,"href":"https:\/\/webdealta.info\/index.php?rest_route=%2Fwp%2Fv2%2Fcomments&post=7172"}],"version-history":[{"count":1,"href":"https:\/\/webdealta.info\/index.php?rest_route=\/wp\/v2\/posts\/7172\/revisions"}],"predecessor-version":[{"id":7174,"href":"https:\/\/webdealta.info\/index.php?rest_route=\/wp\/v2\/posts\/7172\/revisions\/7174"}],"wp:featuredmedia":[{"embeddable":true,"href":"https:\/\/webdealta.info\/index.php?rest_route=\/wp\/v2\/media\/7173"}],"wp:attachment":[{"href":"https:\/\/webdealta.info\/index.php?rest_route=%2Fwp%2Fv2%2Fmedia&parent=7172"}],"wp:term":[{"taxonomy":"category","embeddable":true,"href":"https:\/\/webdealta.info\/index.php?rest_route=%2Fwp%2Fv2%2Fcategories&post=7172"},{"taxonomy":"post_tag","embeddable":true,"href":"https:\/\/webdealta.info\/index.php?rest_route=%2Fwp%2Fv2%2Ftags&post=7172"}],"curies":[{"name":"wp","href":"https:\/\/api.w.org\/{rel}","templated":true}]}}