{"id":7159,"date":"2023-06-12T21:38:44","date_gmt":"2023-06-13T01:38:44","guid":{"rendered":"https:\/\/webdealta.info\/?p=7159"},"modified":"2023-06-12T21:38:50","modified_gmt":"2023-06-13T01:38:50","slug":"jose-riera-voluntad-popular-de-gira-para-alinear-comando-paez","status":"publish","type":"post","link":"https:\/\/webdealta.info\/?p=7159","title":{"rendered":"Jos\u00e9 Riera: Voluntad Popular de gira para \u201calinear comando P\u00e1ez\u201d"},"content":{"rendered":"\n<p>Amanda Saldivia.-<\/p>\n\n\n\n<p>Jos\u00e9 Riera, coordinador nacional de activaci\u00f3n del partido Voluntad Popular, inici\u00f3 gira en Gu\u00e1rico, acompa\u00f1ado de otros dirigentes, con la finalidad de \u201calinear el comando P\u00e1ez\u201d, nombre con el cual identifican la estructura pol\u00edtica que impulsar\u00e1 a Freddy Superlano, en su aspiraci\u00f3n a ser el abanderado de la oposici\u00f3n en los comicios presidenciales del a\u00f1o 2024.<\/p>\n\n\n\n<p>Las declaraciones las ofreci\u00f3 en Altagracia de Orituco, poblado guarique\u00f1o que visit\u00f3 este lunes 12 de junio, como parte del fortalecimiento de los comandos municipales y en pro de que se activen con miras a la primaria del 22 de octubre.<\/p>\n\n\n\n<p>Sobre la propuesta, Riera se\u00f1al\u00f3 que est\u00e1n \u201creviviendo la esperanza del venezolano y por su puesto Gu\u00e1rico no que queda atr\u00e1s, como un estado del eje llanero es bastante emp\u00e1tico con la realidad que pas\u00f3 el Barinas en noviembre de 2021\u2026nosotros estamos llevando ese mensaje, como Venezuela puede, como Barinas pudo, tambi\u00e9n Monagas puede y Gu\u00e1rico puede\u201d.<\/p>\n\n\n\n<p>Respecto a la posible visita de Freddy Superlano, dijo que hace tres semanas fue el lanzamiento oficial de la candidatura y desde ese momento est\u00e1 recorriendo el pa\u00eds, motivo por el cual cree que estar\u00e1 incluido Gu\u00e1rico y Altagracia, porque aqu\u00ed est\u00e1 una representante de esa organizaci\u00f3n en el Concejo Municipal, como lo es Andreina Zerpa, adem\u00e1s de otros dirigentes comprometidos con el cambio.<\/p>\n\n\n\n<p>Al preguntarle sobre la participaci\u00f3n, Jos\u00e9 Riera reconoci\u00f3 que hay una poblaci\u00f3n todav\u00eda desinformada, de ah\u00ed el esfuerzo del \u201cplan un mill\u00f3n de hogares, que pretende tocar el coraz\u00f3n de un mill\u00f3n de venezolanos con la candidatura de Freddy Superlano\u201d.<\/p>\n\n\n\n<p>@amandasaldivia  <\/p>\n\n\n\n<p><\/p>\n","protected":false},"excerpt":{"rendered":"<p>Amanda Saldivia.- Jos\u00e9 Riera, coordinador nacional de activaci\u00f3n del partido Voluntad Popular, inici\u00f3 gira en Gu\u00e1rico, acompa\u00f1ado de otros dirigentes, con la finalidad de \u201calinear el comando P\u00e1ez\u201d, nombre con el cual identifican la estructura pol\u00edtica que impulsar\u00e1 a Freddy Superlano, en su aspiraci\u00f3n a ser el abanderado de la<\/p>\n","protected":false},"author":2,"featured_media":7160,"comment_status":"open","ping_status":"open","sticky":false,"template":"","format":"standard","meta":{"advanced_seo_description":"","jetpack_seo_html_title":"","jetpack_seo_noindex":false,"_jetpack_memberships_contains_paid_content":false,"footnotes":"","jetpack_publicize_message":"","jetpack_publicize_feature_enabled":true,"jetpack_social_post_already_shared":true,"jetpack_social_options":{"image_generator_settings":{"template":"highway","enabled":false},"version":2}},"categories":[142,251],"tags":[8,7,32],"class_list":["post-7159","post","type-post","status-publish","format-standard","has-post-thumbnail","hentry","category-politica","category-webdealta","tag-altagraciadeorituco","tag-guarico","tag-webdealta",""],"jetpack_publicize_connections":[],"jetpack_featured_media_url":"https:\/\/webdealta.info\/wp-content\/uploads\/2023\/06\/jose-riera-webdealta.png","jetpack_sharing_enabled":true,"jetpack_likes_enabled":true,"jetpack-related-posts":[],"jetpack_shortlink":"https:\/\/wp.me\/pcseDn-1Rt","_links":{"self":[{"href":"https:\/\/webdealta.info\/index.php?rest_route=\/wp\/v2\/posts\/7159","targetHints":{"allow":["GET"]}}],"collection":[{"href":"https:\/\/webdealta.info\/index.php?rest_route=\/wp\/v2\/posts"}],"about":[{"href":"https:\/\/webdealta.info\/index.php?rest_route=\/wp\/v2\/types\/post"}],"author":[{"embeddable":true,"href":"https:\/\/webdealta.info\/index.php?rest_route=\/wp\/v2\/users\/2"}],"replies":[{"embeddable":true,"href":"https:\/\/webdealta.info\/index.php?rest_route=%2Fwp%2Fv2%2Fcomments&post=7159"}],"version-history":[{"count":1,"href":"https:\/\/webdealta.info\/index.php?rest_route=\/wp\/v2\/posts\/7159\/revisions"}],"predecessor-version":[{"id":7161,"href":"https:\/\/webdealta.info\/index.php?rest_route=\/wp\/v2\/posts\/7159\/revisions\/7161"}],"wp:featuredmedia":[{"embeddable":true,"href":"https:\/\/webdealta.info\/index.php?rest_route=\/wp\/v2\/media\/7160"}],"wp:attachment":[{"href":"https:\/\/webdealta.info\/index.php?rest_route=%2Fwp%2Fv2%2Fmedia&parent=7159"}],"wp:term":[{"taxonomy":"category","embeddable":true,"href":"https:\/\/webdealta.info\/index.php?rest_route=%2Fwp%2Fv2%2Fcategories&post=7159"},{"taxonomy":"post_tag","embeddable":true,"href":"https:\/\/webdealta.info\/index.php?rest_route=%2Fwp%2Fv2%2Ftags&post=7159"}],"curies":[{"name":"wp","href":"https:\/\/api.w.org\/{rel}","templated":true}]}}