{"id":7155,"date":"2023-06-12T20:45:44","date_gmt":"2023-06-13T00:45:44","guid":{"rendered":"https:\/\/webdealta.info\/?p=7155"},"modified":"2023-06-12T20:45:52","modified_gmt":"2023-06-13T00:45:52","slug":"colapso-pozo-septico-de-escuela-oruz-de-palmarito","status":"publish","type":"post","link":"https:\/\/webdealta.info\/?p=7155","title":{"rendered":"Colaps\u00f3 pozo s\u00e9ptico de escuela Oruz de Palmarito"},"content":{"rendered":"\n<p>Amanda Saldivia.-<\/p>\n\n\n\n<p>El colapso el pozo s\u00e9ptico en la escuela Oruz de Palmarito, pone en riesgo la salud de la comunidad y la estructura de dos aulas de clases, seg\u00fan la informaci\u00f3n aportada por la docente Elva Banezca, quien hizo el llamado a las autoridades locales y regionales, a los fines de que atiendan lo que considera una emergencia, porque afecta directamente a 90 estudiantes, ocho docentes, tres cocineras y dos ambientalistas.<\/p>\n\n\n\n<p>Sobre lo ocurrido, explic\u00f3 que \u201cel s\u00e9ptico se hundi\u00f3 y se est\u00e1 socavando el terreno afectando a una F2 donde se desarrollan las actividades educativas de esta instituci\u00f3n, tambi\u00e9n se est\u00e1 viendo afectada por la insalubridad la poblaci\u00f3n en general, ya que cerca de aqu\u00ed est\u00e1 la casa de alimentaci\u00f3n y el ambulatorio rural\u201d.<\/p>\n\n\n\n<p>En el contacto con el programa Tiempo de Cambios, que se transmite a trav\u00e9s de la emisora Activa 104.9 FM de Altagracia de Orituco, dijo que la intenci\u00f3n es que la \u201cinformaci\u00f3n llegue una vez m\u00e1s a la alcald\u00eda, a la gobernaci\u00f3n y la Zona Educativa\u201d.<\/p>\n\n\n\n<p>La escuela Oruz de Palmarito, est\u00e1 ubicada en el caser\u00edo Oruz, parroquia Soublette, municipio Jos\u00e9 Tadeo Monagas, Gu\u00e1rico. Pertenece al NER 395-45.<\/p>\n\n\n\n<p>@amandasaldivia  <\/p>\n\n\n\n<p><\/p>\n","protected":false},"excerpt":{"rendered":"<p>Amanda Saldivia.- El colapso el pozo s\u00e9ptico en la escuela Oruz de Palmarito, pone en riesgo la salud de la comunidad y la estructura de dos aulas de clases, seg\u00fan la informaci\u00f3n aportada por la docente Elva Banezca, quien hizo el llamado a las autoridades locales y regionales, a los<\/p>\n","protected":false},"author":2,"featured_media":7156,"comment_status":"open","ping_status":"open","sticky":false,"template":"","format":"standard","meta":{"advanced_seo_description":"","jetpack_seo_html_title":"","jetpack_seo_noindex":false,"_jetpack_memberships_contains_paid_content":false,"footnotes":"","jetpack_publicize_message":"","jetpack_publicize_feature_enabled":true,"jetpack_social_post_already_shared":true,"jetpack_social_options":{"image_generator_settings":{"template":"highway","enabled":false},"version":2}},"categories":[99,251],"tags":[8,7,32],"class_list":["post-7155","post","type-post","status-publish","format-standard","has-post-thumbnail","hentry","category-aguas-servidas","category-webdealta","tag-altagraciadeorituco","tag-guarico","tag-webdealta",""],"jetpack_publicize_connections":[],"jetpack_featured_media_url":"https:\/\/webdealta.info\/wp-content\/uploads\/2023\/06\/escuela-oruz-webdealta.png","jetpack_sharing_enabled":true,"jetpack_likes_enabled":true,"jetpack-related-posts":[],"jetpack_shortlink":"https:\/\/wp.me\/pcseDn-1Rp","_links":{"self":[{"href":"https:\/\/webdealta.info\/index.php?rest_route=\/wp\/v2\/posts\/7155","targetHints":{"allow":["GET"]}}],"collection":[{"href":"https:\/\/webdealta.info\/index.php?rest_route=\/wp\/v2\/posts"}],"about":[{"href":"https:\/\/webdealta.info\/index.php?rest_route=\/wp\/v2\/types\/post"}],"author":[{"embeddable":true,"href":"https:\/\/webdealta.info\/index.php?rest_route=\/wp\/v2\/users\/2"}],"replies":[{"embeddable":true,"href":"https:\/\/webdealta.info\/index.php?rest_route=%2Fwp%2Fv2%2Fcomments&post=7155"}],"version-history":[{"count":1,"href":"https:\/\/webdealta.info\/index.php?rest_route=\/wp\/v2\/posts\/7155\/revisions"}],"predecessor-version":[{"id":7157,"href":"https:\/\/webdealta.info\/index.php?rest_route=\/wp\/v2\/posts\/7155\/revisions\/7157"}],"wp:featuredmedia":[{"embeddable":true,"href":"https:\/\/webdealta.info\/index.php?rest_route=\/wp\/v2\/media\/7156"}],"wp:attachment":[{"href":"https:\/\/webdealta.info\/index.php?rest_route=%2Fwp%2Fv2%2Fmedia&parent=7155"}],"wp:term":[{"taxonomy":"category","embeddable":true,"href":"https:\/\/webdealta.info\/index.php?rest_route=%2Fwp%2Fv2%2Fcategories&post=7155"},{"taxonomy":"post_tag","embeddable":true,"href":"https:\/\/webdealta.info\/index.php?rest_route=%2Fwp%2Fv2%2Ftags&post=7155"}],"curies":[{"name":"wp","href":"https:\/\/api.w.org\/{rel}","templated":true}]}}