{"id":7139,"date":"2023-06-09T06:59:17","date_gmt":"2023-06-09T10:59:17","guid":{"rendered":"https:\/\/webdealta.info\/?p=7139"},"modified":"2023-06-09T07:00:28","modified_gmt":"2023-06-09T11:00:28","slug":"diablos-danzantes-de-san-rafael-el-bien-siempre-triunfa-sobre-el-mal","status":"publish","type":"post","link":"https:\/\/webdealta.info\/?p=7139","title":{"rendered":"Diablos Danzantes de San Rafael: el Bien siempre triunfa sobre el Mal"},"content":{"rendered":"\n<p>Amanda Saldivia.-<\/p>\n\n\n\n<p>Bajo las orientaciones de Rafael Gota, presidente de la cofrad\u00eda, los Diablos Danzantes de San Rafael de Orituco se rindieron ante el Sant\u00edsimo Sacramento, este jueves ocho de junio, D\u00eda de Corpus Christi, en medio de la procesi\u00f3n encabezada por los padres Alfonso Mota y Orlando Arteaga.<\/p>\n\n\n\n<p>Rafael Gota, orgulloso de estar una vez m\u00e1s al frente de esta manifestaci\u00f3n por m\u00e1s de 40, explic\u00f3 al equipo de la Web de Altagracia que antes de culminar la Santa Misa la diablada se re\u00fane a las afueras del templo a la espera de la procesi\u00f3n y siempre para dejar constancia que el Bien triunfa sobre el Mal.<\/p>\n\n\n\n<p>Aunque mencion\u00f3 que no hay fecha precisa sobre el comienzo de esta tradici\u00f3n arraigada en San Rafael de Orituco, si se sabe que entre 1935 y 1940 el se\u00f1or Antonio Aular se vest\u00eda de diablo con m\u00e1scaras alusivas a animales y sal\u00eda a danzar el D\u00eda de Corpus Christi.<\/p>\n\n\n\n<p>Cont\u00f3 que se incorpor\u00f3 a los 8 a\u00f1os a esta manifestaci\u00f3n y cuando muere Aular, presidente de la cofrad\u00eda para ese entonces, la familia le dice que la \u00faltima voluntad fue que \u00e9l se encargada de conducir la diablada, lo que ha venido haciendo en los \u00faltimos 40 a\u00f1os.<\/p>\n\n\n\n<p>Es importante recordar que los Diablos Danzantes de San Rafael de Orituco, junto a otras 10 diabladas de Venezuela, fueron declaradas Patrimonio Inmaterial de la Humanidad por la UNESCO.<\/p>\n\n\n\n<p>Entrevista completa a Rafael Gota en el enlace https:\/\/webdealta.info\/?p=4926<\/p>\n\n\n\n<p>@amandasaldivia <\/p>\n\n\n\n<p><\/p>\n","protected":false},"excerpt":{"rendered":"<p>Amanda Saldivia.- Bajo las orientaciones de Rafael Gota, presidente de la cofrad\u00eda, los Diablos Danzantes de San Rafael de Orituco se rindieron ante el Sant\u00edsimo Sacramento, este jueves ocho de junio, D\u00eda de Corpus Christi, en medio de la procesi\u00f3n encabezada por los padres Alfonso Mota y Orlando Arteaga. Rafael<\/p>\n","protected":false},"author":2,"featured_media":7140,"comment_status":"open","ping_status":"open","sticky":false,"template":"","format":"standard","meta":{"advanced_seo_description":"","jetpack_seo_html_title":"","jetpack_seo_noindex":false,"_jetpack_memberships_contains_paid_content":false,"footnotes":"","jetpack_publicize_message":"","jetpack_publicize_feature_enabled":true,"jetpack_social_post_already_shared":true,"jetpack_social_options":{"image_generator_settings":{"template":"highway","enabled":false},"version":2}},"categories":[260,251],"tags":[8,7,32],"class_list":["post-7139","post","type-post","status-publish","format-standard","has-post-thumbnail","hentry","category-tradiciones","category-webdealta","tag-altagraciadeorituco","tag-guarico","tag-webdealta",""],"jetpack_publicize_connections":[],"jetpack_featured_media_url":"https:\/\/webdealta.info\/wp-content\/uploads\/2023\/06\/diablos-2023-webdealta.png","jetpack_sharing_enabled":true,"jetpack_likes_enabled":true,"jetpack-related-posts":[],"jetpack_shortlink":"https:\/\/wp.me\/pcseDn-1R9","_links":{"self":[{"href":"https:\/\/webdealta.info\/index.php?rest_route=\/wp\/v2\/posts\/7139","targetHints":{"allow":["GET"]}}],"collection":[{"href":"https:\/\/webdealta.info\/index.php?rest_route=\/wp\/v2\/posts"}],"about":[{"href":"https:\/\/webdealta.info\/index.php?rest_route=\/wp\/v2\/types\/post"}],"author":[{"embeddable":true,"href":"https:\/\/webdealta.info\/index.php?rest_route=\/wp\/v2\/users\/2"}],"replies":[{"embeddable":true,"href":"https:\/\/webdealta.info\/index.php?rest_route=%2Fwp%2Fv2%2Fcomments&post=7139"}],"version-history":[{"count":1,"href":"https:\/\/webdealta.info\/index.php?rest_route=\/wp\/v2\/posts\/7139\/revisions"}],"predecessor-version":[{"id":7141,"href":"https:\/\/webdealta.info\/index.php?rest_route=\/wp\/v2\/posts\/7139\/revisions\/7141"}],"wp:featuredmedia":[{"embeddable":true,"href":"https:\/\/webdealta.info\/index.php?rest_route=\/wp\/v2\/media\/7140"}],"wp:attachment":[{"href":"https:\/\/webdealta.info\/index.php?rest_route=%2Fwp%2Fv2%2Fmedia&parent=7139"}],"wp:term":[{"taxonomy":"category","embeddable":true,"href":"https:\/\/webdealta.info\/index.php?rest_route=%2Fwp%2Fv2%2Fcategories&post=7139"},{"taxonomy":"post_tag","embeddable":true,"href":"https:\/\/webdealta.info\/index.php?rest_route=%2Fwp%2Fv2%2Ftags&post=7139"}],"curies":[{"name":"wp","href":"https:\/\/api.w.org\/{rel}","templated":true}]}}