{"id":7118,"date":"2023-06-05T21:12:39","date_gmt":"2023-06-06T01:12:39","guid":{"rendered":"https:\/\/webdealta.info\/?p=7118"},"modified":"2023-06-05T21:13:42","modified_gmt":"2023-06-06T01:13:42","slug":"colegio-padre-juan-de-barnuevo-celebro-65-anos-de-fundado","status":"publish","type":"post","link":"https:\/\/webdealta.info\/?p=7118","title":{"rendered":"Colegio Padre Juan de Barnuevo celebr\u00f3 65 a\u00f1os de fundado"},"content":{"rendered":"\n<p>Amanda Saldivia.-<\/p>\n\n\n\n<p>En el marco de la celebraci\u00f3n del aniversario n\u00famero 65 del colegio Padre Juan de Barnuevo de Altagracia de Orituco, la profesora Leticia Bencomo record\u00f3 que la obra fue iniciativa de Monse\u00f1or \u00c1ngel Adolfo Polachini, quien quiso dejar en su pueblo natal una instituci\u00f3n educativa que conjugara el conocimiento cient\u00edfico con la formaci\u00f3n espiritual.<\/p>\n\n\n\n<p>En declaraciones ofrecidas este lunes cinco de junio, fecha en la cual hubo una celebraci\u00f3n especial en el plantel y una Misa de Acci\u00f3n de Gracias oficiada por el padre Cruz Mujica, cont\u00f3 que colegio inici\u00f3 en los salones parroquiales con las primeras secciones y posteriormente, una vez que una congregaci\u00f3n que hac\u00eda vida aqu\u00ed en Altagracia es trasladada Valle de la Pascua, la casa queda a la disposici\u00f3n y all\u00ed empieza a funcionar formalmente el colegio Padre Juan de Barnuevo\u201d.<\/p>\n\n\n\n<p>La profesora Leticia Bencomo mencion\u00f3 el compromiso que tiene la directora actual Maricelys Ramos y el resto del equipo, para continuar el legado que dej\u00f3 Mar\u00eda P\u00e9rez, maestra ya jubilada que dirigi\u00f3 el Barnuevo por varias d\u00e9cadas, a quien considera es ejemplo de gerencia para ellas por \u201cser una mujer tan entregada, tan dedicada, tan excelente profesional\u201d al servicio de la causa impulsada por Monse\u00f1or Polachini.<\/p>\n\n\n\n<p>Entre las reflexiones de la profesora Leticia Bencomo, estuvo que el cinco de junio, es un d\u00eda posterior a la fecha de nacimiento de la parroquia eclesi\u00e1stica Nuestra Se\u00f1ora de Altagracia, la cual se fund\u00f3 el 4 de junio de 1676 y cuyo primer sacerdote fue el padre Juan de Barnuevo, raz\u00f3n por la cual el colegio lleva su ep\u00f3nimo.<\/p>\n\n\n\n<p>Igualmente, mencion\u00f3 las limitaciones que trae consigo la planta f\u00edsica, porque a pesar de que tienen los niveles de inicial, primaria y media general, solo hay secciones \u00fanicas, lo que hace imposible dar m\u00e1s cupos, como es la aspiraci\u00f3n de tantas familias gracitanas.<\/p>\n\n\n\n<p>Por \u00faltimo, dio gracias a Dios y Mar\u00eda sant\u00edsima, ya que ser parte de la familia Barnuevo \u201ces un compromiso con el pueblo y es un compromiso con la iglesia, porque educando evangelizamos a Venezuela\u201d.<\/p>\n\n\n\n<p>@amandasaldivia  <\/p>\n\n\n\n<p><\/p>\n","protected":false},"excerpt":{"rendered":"<p>Amanda Saldivia.- En el marco de la celebraci\u00f3n del aniversario n\u00famero 65 del colegio Padre Juan de Barnuevo de Altagracia de Orituco, la profesora Leticia Bencomo record\u00f3 que la obra fue iniciativa de Monse\u00f1or \u00c1ngel Adolfo Polachini, quien quiso dejar en su pueblo natal una instituci\u00f3n educativa que conjugara el<\/p>\n","protected":false},"author":2,"featured_media":7119,"comment_status":"open","ping_status":"open","sticky":false,"template":"","format":"standard","meta":{"advanced_seo_description":"","jetpack_seo_html_title":"","jetpack_seo_noindex":false,"_jetpack_memberships_contains_paid_content":false,"footnotes":"","jetpack_publicize_message":"","jetpack_publicize_feature_enabled":true,"jetpack_social_post_already_shared":true,"jetpack_social_options":{"image_generator_settings":{"template":"highway","enabled":false},"version":2}},"categories":[151,251],"tags":[8,7,32],"class_list":["post-7118","post","type-post","status-publish","format-standard","has-post-thumbnail","hentry","category-educacion","category-webdealta","tag-altagraciadeorituco","tag-guarico","tag-webdealta",""],"jetpack_publicize_connections":[],"jetpack_featured_media_url":"https:\/\/webdealta.info\/wp-content\/uploads\/2023\/06\/barnuevo-2023-webdealta.png","jetpack_sharing_enabled":true,"jetpack_likes_enabled":true,"jetpack-related-posts":[],"jetpack_shortlink":"https:\/\/wp.me\/pcseDn-1QO","_links":{"self":[{"href":"https:\/\/webdealta.info\/index.php?rest_route=\/wp\/v2\/posts\/7118","targetHints":{"allow":["GET"]}}],"collection":[{"href":"https:\/\/webdealta.info\/index.php?rest_route=\/wp\/v2\/posts"}],"about":[{"href":"https:\/\/webdealta.info\/index.php?rest_route=\/wp\/v2\/types\/post"}],"author":[{"embeddable":true,"href":"https:\/\/webdealta.info\/index.php?rest_route=\/wp\/v2\/users\/2"}],"replies":[{"embeddable":true,"href":"https:\/\/webdealta.info\/index.php?rest_route=%2Fwp%2Fv2%2Fcomments&post=7118"}],"version-history":[{"count":1,"href":"https:\/\/webdealta.info\/index.php?rest_route=\/wp\/v2\/posts\/7118\/revisions"}],"predecessor-version":[{"id":7120,"href":"https:\/\/webdealta.info\/index.php?rest_route=\/wp\/v2\/posts\/7118\/revisions\/7120"}],"wp:featuredmedia":[{"embeddable":true,"href":"https:\/\/webdealta.info\/index.php?rest_route=\/wp\/v2\/media\/7119"}],"wp:attachment":[{"href":"https:\/\/webdealta.info\/index.php?rest_route=%2Fwp%2Fv2%2Fmedia&parent=7118"}],"wp:term":[{"taxonomy":"category","embeddable":true,"href":"https:\/\/webdealta.info\/index.php?rest_route=%2Fwp%2Fv2%2Fcategories&post=7118"},{"taxonomy":"post_tag","embeddable":true,"href":"https:\/\/webdealta.info\/index.php?rest_route=%2Fwp%2Fv2%2Ftags&post=7118"}],"curies":[{"name":"wp","href":"https:\/\/api.w.org\/{rel}","templated":true}]}}