{"id":7114,"date":"2023-06-04T17:10:46","date_gmt":"2023-06-04T21:10:46","guid":{"rendered":"https:\/\/webdealta.info\/?p=7114"},"modified":"2023-06-04T17:10:48","modified_gmt":"2023-06-04T21:10:48","slug":"el-poder-del-conocimiento-origen-del-nombre-del-fenomeno-el-nino-y-la-nina","status":"publish","type":"post","link":"https:\/\/webdealta.info\/?p=7114","title":{"rendered":"El Poder del Conocimiento: origen del nombre del fen\u00f3meno El Ni\u00f1o y La Ni\u00f1a"},"content":{"rendered":"\n<p>Amanda Saldivia.-<\/p>\n\n\n\n<p>Es com\u00fan que escuchemos a expertos del clima referirse al fen\u00f3meno El Ni\u00f1o y La Ni\u00f1a. Estos son fase opuestas de un complejo patr\u00f3n meteorol\u00f3gico que puede alterar la temperatura global y causar efectos atmosf\u00e9ricos muy extremos en todo el planeta.<\/p>\n\n\n\n<p>As\u00ed lo sintetiza Luis Alfredo Icochea Salas, catedr\u00e1tico de la Universidad Nacional Agraria La Molina, en Per\u00fa, quien aport\u00f3 detalles interesantes que est\u00e1n publicados en el portal de la BBC Mundo. \u00c9l afirma que se podr\u00eda resumir que El Ni\u00f1o es la fase c\u00e1lida de un evento climatol\u00f3gico y La Ni\u00f1a, la fase fr\u00eda.<\/p>\n\n\n\n<p>Pero de d\u00f3nde surgi\u00f3 la idea de llamar de esa forma a este fen\u00f3meno. Resulta que surgi\u00f3 precisamente en ese pa\u00eds, en Per\u00fa. De acuerdo a este catedr\u00e1tico, el nombre se lo otorgaron unos pescadores que notaron que, a veces, las \u201caguas oce\u00e1nicas llegaban m\u00e1s calidad a las costas en \u00e9poca navide\u00f1a, en el inicio del verano en Per\u00fa, entonces lo llamaron El Ni\u00f1o en referencia al ni\u00f1o Jes\u00fas, aunque su explicaci\u00f3n no tiene relaci\u00f3n con la religi\u00f3n\u201d, como tal.<\/p>\n\n\n\n<p>Tambi\u00e9n afirm\u00f3 que \u201cEl Ni\u00f1o suele darse m\u00e1s frecuentemente que La Ni\u00f1a y ambos pueden durar la mayor parte del a\u00f1o, o incluso m\u00e1s\u201d.<\/p>\n\n\n\n<p>Para que tengamos una aproximaci\u00f3n a este tema complejo, este fen\u00f3meno trae \u201ccambios en la circulaci\u00f3n atmosf\u00e9rica que pueden afectar el clima en varias partes del mundo de manera m\u00e1s o menos extrema, seg\u00fan su intensidad.<\/p>\n\n\n\n<p>Es decir, seg\u00fan el catedr\u00e1tico Luis Alfredo Icochea Salas, \u201cen el mar cuando una zona se calienta, la otra se enfr\u00eda, hay un balance y los cambios influyen en varios continentes causando, por ejemplo, sequ\u00eda en \u00c1frica y lluvias en Am\u00e9rica.<\/p>\n\n\n\n<p>El Ni\u00f1o puede traer lluvias o un invierno m\u00e1s seco en el sur de los Estado Unidos y condiciones m\u00e1s calidad en Am\u00e9rica del Sur; mientras que La Ni\u00f1a puede aportar huracanes en el Atl\u00e1ntico Norte y un clima m\u00e1s h\u00famedo en Australia, eso a manera de ejemplos, aportados por este investigador.<\/p>\n\n\n\n<p>Este fen\u00f3meno se estudia a partir de 1970, d\u00e9cada en la cual los cient\u00edficos comenzaron a registrar esos cambios y se populariz\u00f3 en el mundo El Ni\u00f1o y posteriormente La Ni\u00f1a, nombres tiernos para un fen\u00f3meno que pone de cabeza a muchos cient\u00edficos en la actualidad, porque no es una ciencia exacta.<\/p>\n\n\n\n<p>As\u00ed que seguiremos escuchando que estamos en El Ni\u00f1o o La Ni\u00f1a, y padeceremos las consecuencias que trae este fen\u00f3meno.<\/p>\n\n\n\n<p>Ese fue el tema de la semana en la serie de micro El Poder del Conocimiento, iniciativa de la empresa Promasorca, con la finalidad de enriquecer los saberes con historias, an\u00e9cdotas y curiosidades del Orituco, Venezuela y el mundo.<\/p>\n\n\n\n<p>@amandasaldivia   <\/p>\n\n\n\n<p><\/p>\n","protected":false},"excerpt":{"rendered":"<p>Amanda Saldivia.- Es com\u00fan que escuchemos a expertos del clima referirse al fen\u00f3meno El Ni\u00f1o y La Ni\u00f1a. Estos son fase opuestas de un complejo patr\u00f3n meteorol\u00f3gico que puede alterar la temperatura global y causar efectos atmosf\u00e9ricos muy extremos en todo el planeta. As\u00ed lo sintetiza Luis Alfredo Icochea Salas,<\/p>\n","protected":false},"author":2,"featured_media":7115,"comment_status":"open","ping_status":"open","sticky":false,"template":"","format":"standard","meta":{"advanced_seo_description":"","jetpack_seo_html_title":"","jetpack_seo_noindex":false,"_jetpack_memberships_contains_paid_content":false,"footnotes":"","jetpack_publicize_message":"","jetpack_publicize_feature_enabled":true,"jetpack_social_post_already_shared":true,"jetpack_social_options":{"image_generator_settings":{"template":"highway","enabled":false},"version":2}},"categories":[302],"tags":[8,7,32],"class_list":["post-7114","post","type-post","status-publish","format-standard","has-post-thumbnail","hentry","category-el-poder-del-conocimiento","tag-altagraciadeorituco","tag-guarico","tag-webdealta",""],"jetpack_publicize_connections":[],"jetpack_featured_media_url":"https:\/\/webdealta.info\/wp-content\/uploads\/2023\/06\/webdealta-El-Nino-y-La-Nina.png","jetpack_sharing_enabled":true,"jetpack_likes_enabled":true,"jetpack-related-posts":[],"jetpack_shortlink":"https:\/\/wp.me\/pcseDn-1QK","_links":{"self":[{"href":"https:\/\/webdealta.info\/index.php?rest_route=\/wp\/v2\/posts\/7114","targetHints":{"allow":["GET"]}}],"collection":[{"href":"https:\/\/webdealta.info\/index.php?rest_route=\/wp\/v2\/posts"}],"about":[{"href":"https:\/\/webdealta.info\/index.php?rest_route=\/wp\/v2\/types\/post"}],"author":[{"embeddable":true,"href":"https:\/\/webdealta.info\/index.php?rest_route=\/wp\/v2\/users\/2"}],"replies":[{"embeddable":true,"href":"https:\/\/webdealta.info\/index.php?rest_route=%2Fwp%2Fv2%2Fcomments&post=7114"}],"version-history":[{"count":1,"href":"https:\/\/webdealta.info\/index.php?rest_route=\/wp\/v2\/posts\/7114\/revisions"}],"predecessor-version":[{"id":7116,"href":"https:\/\/webdealta.info\/index.php?rest_route=\/wp\/v2\/posts\/7114\/revisions\/7116"}],"wp:featuredmedia":[{"embeddable":true,"href":"https:\/\/webdealta.info\/index.php?rest_route=\/wp\/v2\/media\/7115"}],"wp:attachment":[{"href":"https:\/\/webdealta.info\/index.php?rest_route=%2Fwp%2Fv2%2Fmedia&parent=7114"}],"wp:term":[{"taxonomy":"category","embeddable":true,"href":"https:\/\/webdealta.info\/index.php?rest_route=%2Fwp%2Fv2%2Fcategories&post=7114"},{"taxonomy":"post_tag","embeddable":true,"href":"https:\/\/webdealta.info\/index.php?rest_route=%2Fwp%2Fv2%2Ftags&post=7114"}],"curies":[{"name":"wp","href":"https:\/\/api.w.org\/{rel}","templated":true}]}}