{"id":7110,"date":"2023-06-04T16:50:32","date_gmt":"2023-06-04T20:50:32","guid":{"rendered":"https:\/\/webdealta.info\/?p=7110"},"modified":"2023-06-04T16:53:27","modified_gmt":"2023-06-04T20:53:27","slug":"sesion-solemne-en-honor-al-diputado-gracitano-fernando-soto-rojas","status":"publish","type":"post","link":"https:\/\/webdealta.info\/?p=7110","title":{"rendered":"Sesi\u00f3n solemne en honor al diputado gracitano Fernando Soto Rojas"},"content":{"rendered":"\n<p>Prensa alcald\u00eda.-<\/p>\n\n\n\n<p>El auditorio de la E.B Jos\u00e9 Ram\u00f3n Camejo fue el escenario para la realizaci\u00f3n de la sesi\u00f3n solemne en conmemoraci\u00f3n de los 90 a\u00f1os del nacimiento del diputado y miembro de la comisi\u00f3n permanente de Seguridad y Defensa de la Naci\u00f3n de la Asamblea Nacional, Fernando Soto Rojas.<\/p>\n\n\n\n<p>En el acto, el homenajeado recibi\u00f3 la Cinta Orden Ciudad de Altagracia, la cual es la primera en su clase en ser otorgada desde su creaci\u00f3n en este municipio, y cuya distinci\u00f3n recae en este gracitano de larga trayectoria pol\u00edtica, siempre en el campo de la visi\u00f3n revolucionaria.<\/p>\n\n\n\n<p>Este importante evento cont\u00f3 con la presencia de los concejales de la C\u00e1mara Municipal, el alcalde, Abog. Pedro Sol\u00f3rzano, el equipo pol\u00edtico municipal, l\u00edderes y representantes de diferentes sectores del municipio. De igual manera, asistieron familiares del diputado, quienes agradecieron el homenaje y destacaron el legado que ha dejado a lo largo de su vida y en la pol\u00edtica.<\/p>\n\n\n\n<p>Durante la sesi\u00f3n solemne, el burgomaestre destac\u00f3 la trayectoria del diputado Fernando Soto Rojas y su papel en la lucha por los derechos de los ciudadanos y en la defensa de la democracia en el pa\u00eds; adem\u00e1s, resalt\u00f3 su compromiso con la educaci\u00f3n y el desarrollo de su comunidad, lo que lo convierte en un ejemplo a seguir para las generaciones presentes y futuras en cuanto a la lucha por la igualdad social.<\/p>\n\n\n\n<p>Por su parte, Julio Silvera, presidente de la C\u00e1mara Municipal, en su intervenci\u00f3n destac\u00f3 la importancia de mantener vivo el legado del diputado y honrarlo a trav\u00e9s del trabajo diario por el bienestar del municipio y de Venezuela en general. Asimismo, hizo un llamado a la unidad y al trabajo en equipo para enfrentar los desaf\u00edos que actualmente enfrenta el pa\u00eds.<\/p>\n\n\n\n<p>El evento finaliz\u00f3 con la celebraci\u00f3n del cumplea\u00f1os feliz en honor al homenajeado y con la satisfacci\u00f3n de haber realizado un acto justo y merecido en reconocimiento a un hombre comprometido con su comunidad y su pa\u00eds.<\/p>\n\n\n\n<p>Fotos prensa alcald\u00eda  <\/p>\n\n\n\n<p><\/p>\n","protected":false},"excerpt":{"rendered":"<p>Prensa alcald\u00eda.- El auditorio de la E.B Jos\u00e9 Ram\u00f3n Camejo fue el escenario para la realizaci\u00f3n de la sesi\u00f3n solemne en conmemoraci\u00f3n de los 90 a\u00f1os del nacimiento del diputado y miembro de la comisi\u00f3n permanente de Seguridad y Defensa de la Naci\u00f3n de la Asamblea Nacional, Fernando Soto Rojas.<\/p>\n","protected":false},"author":2,"featured_media":7111,"comment_status":"open","ping_status":"open","sticky":false,"template":"","format":"standard","meta":{"advanced_seo_description":"","jetpack_seo_html_title":"","jetpack_seo_noindex":false,"_jetpack_memberships_contains_paid_content":false,"footnotes":"","jetpack_publicize_message":"","jetpack_publicize_feature_enabled":true,"jetpack_social_post_already_shared":true,"jetpack_social_options":{"image_generator_settings":{"template":"highway","enabled":false},"version":2}},"categories":[335,251],"tags":[8,7,32],"class_list":["post-7110","post","type-post","status-publish","format-standard","has-post-thumbnail","hentry","category-locales","category-webdealta","tag-altagraciadeorituco","tag-guarico","tag-webdealta",""],"jetpack_publicize_connections":[],"jetpack_featured_media_url":"https:\/\/webdealta.info\/wp-content\/uploads\/2023\/06\/fernando-soto-rojas-webdealta-junio.png","jetpack_sharing_enabled":true,"jetpack_likes_enabled":true,"jetpack-related-posts":[],"jetpack_shortlink":"https:\/\/wp.me\/pcseDn-1QG","_links":{"self":[{"href":"https:\/\/webdealta.info\/index.php?rest_route=\/wp\/v2\/posts\/7110","targetHints":{"allow":["GET"]}}],"collection":[{"href":"https:\/\/webdealta.info\/index.php?rest_route=\/wp\/v2\/posts"}],"about":[{"href":"https:\/\/webdealta.info\/index.php?rest_route=\/wp\/v2\/types\/post"}],"author":[{"embeddable":true,"href":"https:\/\/webdealta.info\/index.php?rest_route=\/wp\/v2\/users\/2"}],"replies":[{"embeddable":true,"href":"https:\/\/webdealta.info\/index.php?rest_route=%2Fwp%2Fv2%2Fcomments&post=7110"}],"version-history":[{"count":1,"href":"https:\/\/webdealta.info\/index.php?rest_route=\/wp\/v2\/posts\/7110\/revisions"}],"predecessor-version":[{"id":7112,"href":"https:\/\/webdealta.info\/index.php?rest_route=\/wp\/v2\/posts\/7110\/revisions\/7112"}],"wp:featuredmedia":[{"embeddable":true,"href":"https:\/\/webdealta.info\/index.php?rest_route=\/wp\/v2\/media\/7111"}],"wp:attachment":[{"href":"https:\/\/webdealta.info\/index.php?rest_route=%2Fwp%2Fv2%2Fmedia&parent=7110"}],"wp:term":[{"taxonomy":"category","embeddable":true,"href":"https:\/\/webdealta.info\/index.php?rest_route=%2Fwp%2Fv2%2Fcategories&post=7110"},{"taxonomy":"post_tag","embeddable":true,"href":"https:\/\/webdealta.info\/index.php?rest_route=%2Fwp%2Fv2%2Ftags&post=7110"}],"curies":[{"name":"wp","href":"https:\/\/api.w.org\/{rel}","templated":true}]}}