{"id":7106,"date":"2023-06-04T16:30:55","date_gmt":"2023-06-04T20:30:55","guid":{"rendered":"https:\/\/webdealta.info\/?p=7106"},"modified":"2023-06-04T16:30:56","modified_gmt":"2023-06-04T20:30:56","slug":"carlos-prosperi-vamos-a-iniciar-la-reconquista-de-lo-hecho-en-venezuela","status":"publish","type":"post","link":"https:\/\/webdealta.info\/?p=7106","title":{"rendered":"Carlos Prosperi: \u201cvamos a iniciar la reconquista de lo hecho en Venezuela\u201d"},"content":{"rendered":"\n<p>Amanda Saldivia.-<\/p>\n\n\n\n<p>El guarique\u00f1o Carlos Prosperi, candidato a las primarias de la Plataforma Unitaria, realiz\u00f3 una caminata y posterior concentraci\u00f3n en la calle Ilustres Pr\u00f3ceres de Altagracia de Orituco, este s\u00e1bado dos de junio, como parte de la campa\u00f1a emprendida para ser el abanderado de la oposici\u00f3n en los comicios presidenciales de 2024.<\/p>\n\n\n\n<p>En declaraciones a la emisora Activa 104.9 FM, resalt\u00f3 la importancia de no perder la fe y la esperanza, porque \u201cante la adversidad, mucha firmeza, estamos convencidos de que con la ayuda de Dios y este noble pueblo el pr\u00f3ximo a\u00f1o vamos a recuperar la Venezuela que nos merecemos todos por igual\u201d.<\/p>\n\n\n\n<p>Por ser el Orituco una tierra de vocaci\u00f3n agr\u00edcola y pecuaria, Carlos Prosperi lament\u00f3 que la producci\u00f3n nacional este destruida, \u201cque nuestros productores pr\u00e1cticamente no son atendidos, a la fecha no hay un solo programa agr\u00edcola, que uno pueda decir que va dirigido a atender las necesidades, hoy hay que apostarle a lo hecho en Venezuela, a la arepa venezolana y por supuesto eso va a ser nuestro motor principal para poder recuperar la econom\u00eda en Venezuela\u201d.<\/p>\n\n\n\n<p>Para este pol\u00edtico guarique\u00f1o, es clave no otorgar licencias de importaci\u00f3n hasta tanto no se haya logrado colocar la producci\u00f3n nacional en el mercado, adem\u00e1s de la entrega oportuna de insumos a \u201cnuestros productores agr\u00edcolas y pecuarios, y desde ah\u00ed vamos a iniciar la reconquista de lo hecho en Venezuela\u201d.<\/p>\n\n\n\n<p>Igualmente, llam\u00f3 participar en las elecciones primarias del 22 de octubre, con el argumento de que \u201cVenezuela nos necesita unidos, no quiere una divisi\u00f3n, es el momento de que nos reencontremos como venezolanos y que acabemos con el odio y las divisiones y que se pueda devolver la paz al pueblo de Venezuela\u201d.<\/p>\n\n\n\n<p>Hizo hincapi\u00e9 en que quien resulte electo en las primarias del 22 de octubre, ser\u00e1 el candidato de toda la Plataforma Unitaria, raz\u00f3n por la cual considera que debe prevalecer una pol\u00edtica de acercamiento con todos los factores para lograr ese cambio.<\/p>\n\n\n\n<p>\u201cMe siento orgulloso, porque es mi tierra, yo soy guarique\u00f1o y el estar en mi tierra y conseguir a la gente acompa\u00f1\u00e1ndonos me llena de mucha alegr\u00eda, de muchos sentimientos encontrados, porque las cosas siempre las hemos hecho bien, nos hemos caracterizado por ser personas humildes, personas comprometidas con cada uno de los venezolanos\u201d, expres\u00f3 Prosperi al referirse la actividad celebrada en Altagracia de Orituco.<\/p>\n\n\n\n<p>Carlos Prosperi es el primer candidato de la Plataforma Unitaria que vista Altagracia de Orituco.<\/p>\n\n\n\n<p>@amandasaldivia   <\/p>\n\n\n\n<p><\/p>\n","protected":false},"excerpt":{"rendered":"<p>Amanda Saldivia.- El guarique\u00f1o Carlos Prosperi, candidato a las primarias de la Plataforma Unitaria, realiz\u00f3 una caminata y posterior concentraci\u00f3n en la calle Ilustres Pr\u00f3ceres de Altagracia de Orituco, este s\u00e1bado dos de junio, como parte de la campa\u00f1a emprendida para ser el abanderado de la oposici\u00f3n en los comicios<\/p>\n","protected":false},"author":2,"featured_media":7107,"comment_status":"open","ping_status":"open","sticky":false,"template":"","format":"standard","meta":{"advanced_seo_description":"","jetpack_seo_html_title":"","jetpack_seo_noindex":false,"_jetpack_memberships_contains_paid_content":false,"footnotes":"","jetpack_publicize_message":"","jetpack_publicize_feature_enabled":true,"jetpack_social_post_already_shared":true,"jetpack_social_options":{"image_generator_settings":{"template":"highway","enabled":false},"version":2}},"categories":[142,251],"tags":[8,7,32],"class_list":["post-7106","post","type-post","status-publish","format-standard","has-post-thumbnail","hentry","category-politica","category-webdealta","tag-altagraciadeorituco","tag-guarico","tag-webdealta",""],"jetpack_publicize_connections":[],"jetpack_featured_media_url":"https:\/\/webdealta.info\/wp-content\/uploads\/2023\/06\/properi-en-altagracia-webdealta.png","jetpack_sharing_enabled":true,"jetpack_likes_enabled":true,"jetpack-related-posts":[],"jetpack_shortlink":"https:\/\/wp.me\/pcseDn-1QC","_links":{"self":[{"href":"https:\/\/webdealta.info\/index.php?rest_route=\/wp\/v2\/posts\/7106","targetHints":{"allow":["GET"]}}],"collection":[{"href":"https:\/\/webdealta.info\/index.php?rest_route=\/wp\/v2\/posts"}],"about":[{"href":"https:\/\/webdealta.info\/index.php?rest_route=\/wp\/v2\/types\/post"}],"author":[{"embeddable":true,"href":"https:\/\/webdealta.info\/index.php?rest_route=\/wp\/v2\/users\/2"}],"replies":[{"embeddable":true,"href":"https:\/\/webdealta.info\/index.php?rest_route=%2Fwp%2Fv2%2Fcomments&post=7106"}],"version-history":[{"count":1,"href":"https:\/\/webdealta.info\/index.php?rest_route=\/wp\/v2\/posts\/7106\/revisions"}],"predecessor-version":[{"id":7108,"href":"https:\/\/webdealta.info\/index.php?rest_route=\/wp\/v2\/posts\/7106\/revisions\/7108"}],"wp:featuredmedia":[{"embeddable":true,"href":"https:\/\/webdealta.info\/index.php?rest_route=\/wp\/v2\/media\/7107"}],"wp:attachment":[{"href":"https:\/\/webdealta.info\/index.php?rest_route=%2Fwp%2Fv2%2Fmedia&parent=7106"}],"wp:term":[{"taxonomy":"category","embeddable":true,"href":"https:\/\/webdealta.info\/index.php?rest_route=%2Fwp%2Fv2%2Fcategories&post=7106"},{"taxonomy":"post_tag","embeddable":true,"href":"https:\/\/webdealta.info\/index.php?rest_route=%2Fwp%2Fv2%2Ftags&post=7106"}],"curies":[{"name":"wp","href":"https:\/\/api.w.org\/{rel}","templated":true}]}}