{"id":7095,"date":"2023-06-03T16:24:14","date_gmt":"2023-06-03T20:24:14","guid":{"rendered":"https:\/\/webdealta.info\/?p=7095"},"modified":"2023-06-05T21:16:30","modified_gmt":"2023-06-06T01:16:30","slug":"crecio-el-rio-macaira-11-familias-de-paso-real-resultaron-afectadas","status":"publish","type":"post","link":"https:\/\/webdealta.info\/?p=7095","title":{"rendered":"Creci\u00f3 el r\u00edo Macaira: 11 familias de Paso Real resultaron afectadas"},"content":{"rendered":"\n<p>Amanda Saldivia.-<\/p>\n\n\n\n<p>Calles anegadas y 11 familias afectadas fue el resultado del desbordamiento del r\u00edo Macaira, a la altura de Paso Real, poblado del municipio Monagas, Gu\u00e1rico, donde regularmente hay eventos similares al registrarse lluvias copiosas como las ocurridas, entre el viernes dos y la madrugada de este s\u00e1bado tres de junio.<\/p>\n\n\n\n<p>Aproximadamente a las 7:30 am se conoci\u00f3 de la crecida del r\u00edo Macaira y otras quebradas de esa parroquia, gracias al reporte de productores agropecuarios y habitantes de Paso Real, quienes enviaron fotograf\u00edas como evidencia a la Web de Altagracia; adem\u00e1s de dar parte a los cuerpos de seguridad y prevenci\u00f3n del municipio Monagas.<\/p>\n\n\n\n<p>A la zona se presentaron comisiones del Cuerpo de Bomberos Andr\u00e9 Fourneau, Protecci\u00f3n Civil, Guardia Nacional Bolivariana y Polic\u00eda del estado Gu\u00e1rico, a los fines de realizar las evaluaciones pertinentes, adem\u00e1s de estar atentos para autorizar el paso de veh\u00edculos, sobre todo de unidades peque\u00f1as y motocicletas, porque el caudal del r\u00edo Macaira pas\u00f3 por encima de la carretera.<\/p>\n\n\n\n<p>De acuerdo al reporte del coronel Denis Dur\u00e1n, comandante del Cuerpo de Bomberos, quien estuvo al mando de la comisi\u00f3n que se present\u00f3 en la zona, en total fueron 11 las familias afectadas, algunas con p\u00e9rdidas de enseres, debido a que se anegaron sus viviendas.<\/p>\n\n\n\n<figure class=\"wp-block-image size-large\"><img loading=\"lazy\" decoding=\"async\" width=\"1024\" height=\"546\" src=\"https:\/\/webdealta.info\/wp-content\/uploads\/2023\/06\/webdealta-pasoreal-sbado-2-1024x546.png\" alt=\"\" class=\"wp-image-7097\" srcset=\"https:\/\/webdealta.info\/wp-content\/uploads\/2023\/06\/webdealta-pasoreal-sbado-2.png 1024w, https:\/\/webdealta.info\/wp-content\/uploads\/2023\/06\/webdealta-pasoreal-sbado-2.png 300w, https:\/\/webdealta.info\/wp-content\/uploads\/2023\/06\/webdealta-pasoreal-sbado-2.png 768w, https:\/\/webdealta.info\/wp-content\/uploads\/2023\/06\/webdealta-pasoreal-sbado-2.png 1170w, https:\/\/webdealta.info\/wp-content\/uploads\/2023\/06\/webdealta-pasoreal-sbado-2.png 1500w, https:\/\/webdealta.info\/wp-content\/uploads\/2023\/06\/webdealta-pasoreal-sbado-2.png 1280w\" sizes=\"auto, (max-width: 640px) 100vw, 640px\" \/><\/figure>\n\n\n\n<p>Por su parte, Betty Fern\u00e1ndez, comisionada territorial de la gobernaci\u00f3n de estado Gu\u00e1rico, en la parroquia Paso Real de Macaira, dijo que las labores de mantenimiento efectuadas hace dos semanas en la quebrada Arestinal, permiti\u00f3 que los da\u00f1os no fueran mayores, porque ese afluente, unido al r\u00edo Macaira, complican la circulaci\u00f3n de las aguas de lluvia.<\/p>\n\n\n\n<p>\u201cEn horas de la madrugada la quebrada Arestinal creci\u00f3 fuerte, gracias a los trabajos de canalizaci\u00f3n realizados recientemente no caus\u00f3 estragos en el pueblo. Estamos alerta, en modo preventivo, ya tomamos medidas en el acueducto, sobre todo en el tema el\u00e9ctrico \u201c, se\u00f1al\u00f3 Fern\u00e1ndez en declaraciones a la Web de Altagracia.<\/p>\n\n\n\n<p>@amandasaldivia  <\/p>\n\n\n\n<p><\/p>\n","protected":false},"excerpt":{"rendered":"<p>Amanda Saldivia.- Calles anegadas y 11 familias afectadas fue el resultado del desbordamiento del r\u00edo Macaira, a la altura de Paso Real, poblado del municipio Monagas, Gu\u00e1rico, donde regularmente hay eventos similares al registrarse lluvias copiosas como las ocurridas, entre el viernes dos y la madrugada de este s\u00e1bado tres<\/p>\n","protected":false},"author":2,"featured_media":7096,"comment_status":"open","ping_status":"open","sticky":false,"template":"","format":"standard","meta":{"advanced_seo_description":"","jetpack_seo_html_title":"","jetpack_seo_noindex":false,"_jetpack_memberships_contains_paid_content":false,"footnotes":"","jetpack_publicize_message":"","jetpack_publicize_feature_enabled":true,"jetpack_social_post_already_shared":true,"jetpack_social_options":{"image_generator_settings":{"template":"highway","enabled":false},"version":2}},"categories":[54,251],"tags":[8,7,32],"class_list":["post-7095","post","type-post","status-publish","format-standard","has-post-thumbnail","hentry","category-lluvias","category-webdealta","tag-altagraciadeorituco","tag-guarico","tag-webdealta",""],"jetpack_publicize_connections":[],"jetpack_featured_media_url":"https:\/\/webdealta.info\/wp-content\/uploads\/2023\/06\/Paso-real-webdealta-saabado.png","jetpack_sharing_enabled":true,"jetpack_likes_enabled":true,"jetpack-related-posts":[],"jetpack_shortlink":"https:\/\/wp.me\/pcseDn-1Qr","_links":{"self":[{"href":"https:\/\/webdealta.info\/index.php?rest_route=\/wp\/v2\/posts\/7095","targetHints":{"allow":["GET"]}}],"collection":[{"href":"https:\/\/webdealta.info\/index.php?rest_route=\/wp\/v2\/posts"}],"about":[{"href":"https:\/\/webdealta.info\/index.php?rest_route=\/wp\/v2\/types\/post"}],"author":[{"embeddable":true,"href":"https:\/\/webdealta.info\/index.php?rest_route=\/wp\/v2\/users\/2"}],"replies":[{"embeddable":true,"href":"https:\/\/webdealta.info\/index.php?rest_route=%2Fwp%2Fv2%2Fcomments&post=7095"}],"version-history":[{"count":2,"href":"https:\/\/webdealta.info\/index.php?rest_route=\/wp\/v2\/posts\/7095\/revisions"}],"predecessor-version":[{"id":7122,"href":"https:\/\/webdealta.info\/index.php?rest_route=\/wp\/v2\/posts\/7095\/revisions\/7122"}],"wp:featuredmedia":[{"embeddable":true,"href":"https:\/\/webdealta.info\/index.php?rest_route=\/wp\/v2\/media\/7096"}],"wp:attachment":[{"href":"https:\/\/webdealta.info\/index.php?rest_route=%2Fwp%2Fv2%2Fmedia&parent=7095"}],"wp:term":[{"taxonomy":"category","embeddable":true,"href":"https:\/\/webdealta.info\/index.php?rest_route=%2Fwp%2Fv2%2Fcategories&post=7095"},{"taxonomy":"post_tag","embeddable":true,"href":"https:\/\/webdealta.info\/index.php?rest_route=%2Fwp%2Fv2%2Ftags&post=7095"}],"curies":[{"name":"wp","href":"https:\/\/api.w.org\/{rel}","templated":true}]}}