{"id":7091,"date":"2023-06-01T21:25:09","date_gmt":"2023-06-02T01:25:09","guid":{"rendered":"https:\/\/webdealta.info\/?p=7091"},"modified":"2023-06-01T21:25:10","modified_gmt":"2023-06-02T01:25:10","slug":"avanza-rehabilitacion-de-e-b-macaira","status":"publish","type":"post","link":"https:\/\/webdealta.info\/?p=7091","title":{"rendered":"Avanza rehabilitaci\u00f3n de E.B. Macaira"},"content":{"rendered":"\n<p>Amanda Saldivia.-<\/p>\n\n\n\n<p>Con fotograf\u00edas como evidencia, Mariela Acosta, comisionada territorial del gobierno de Gu\u00e1rico, mostr\u00f3 el trabajo que realiza el ejecutivo regional y municipal, con el apoyo de la comunidad de San Francisco de Macaira, para rehabilitar la escuela, instituci\u00f3n con m\u00e1s de 50 a\u00f1os de construida y la cual presentaba problemas de filtraciones en techo y paredes.<\/p>\n\n\n\n<p>La funcionaria fue contactada por el equipo de la Web de Altagracia, para conocer el avance de los trabajos que fueron anunciados por la ingeniera Marycarmen Monsalve, secretaria ejecutiva del \u00e1rea de Obras y Servicios P\u00fablicos del Gobierno de Gu\u00e1rico y presidenta de Construvialgua, a comienzos del mes de mayo, en declaraciones ofrecidas a este medio digital.<\/p>\n\n\n\n<p>Mariela Acosta precis\u00f3 que los trabajos se realizan con el acompa\u00f1amiento del ingeniero Pedro Herrera, designado por la gobernaci\u00f3n de Gu\u00e1rico y la colaboraci\u00f3n de 17 personas de la comunidad, porque la \u201cgente que quiere a su pueblo da todo por ver avanzar las cosas en nuestra tierra\u2026estamos trabajando coordinado con la log\u00edstica de estos trabajadores, los sectores con nada l\u00edder pol\u00edtico, se organizan por d\u00edas para la comida\u201d.<\/p>\n\n\n\n<p>En referencia a los materiales, dijo que los llev\u00f3 Sergio Rodr\u00edguez, presidente de Construgu\u00e1rico, al tiempo que resalt\u00f3 que el gobernador Jos\u00e9 V\u00e1squez en la pasada compa\u00f1a prometi\u00f3 que el grupo escolar Macaira ser\u00eda rehabilitado y se estaba cumpliendo.<\/p>\n\n\n\n<p>Igualmente, dijo que para la concreci\u00f3n de la obra fue clave el alcalde Pedro Sol\u00f3rzano, porque dio los pasos necesarios para el inicio de los trabajos y se ha mantenido pendiente de la ejecuci\u00f3n.<\/p>\n\n\n\n<p>@amandasaldivia  <\/p>\n\n\n\n<p><\/p>\n","protected":false},"excerpt":{"rendered":"<p>Amanda Saldivia.- Con fotograf\u00edas como evidencia, Mariela Acosta, comisionada territorial del gobierno de Gu\u00e1rico, mostr\u00f3 el trabajo que realiza el ejecutivo regional y municipal, con el apoyo de la comunidad de San Francisco de Macaira, para rehabilitar la escuela, instituci\u00f3n con m\u00e1s de 50 a\u00f1os de construida y la cual<\/p>\n","protected":false},"author":2,"featured_media":7092,"comment_status":"open","ping_status":"open","sticky":false,"template":"","format":"standard","meta":{"advanced_seo_description":"","jetpack_seo_html_title":"","jetpack_seo_noindex":false,"_jetpack_memberships_contains_paid_content":false,"footnotes":"","jetpack_publicize_message":"","jetpack_publicize_feature_enabled":true,"jetpack_social_post_already_shared":true,"jetpack_social_options":{"image_generator_settings":{"template":"highway","enabled":false},"version":2}},"categories":[304,251],"tags":[8,7,32],"class_list":["post-7091","post","type-post","status-publish","format-standard","has-post-thumbnail","hentry","category-obra-en-ejecucion","category-webdealta","tag-altagraciadeorituco","tag-guarico","tag-webdealta",""],"jetpack_publicize_connections":[],"jetpack_featured_media_url":"https:\/\/webdealta.info\/wp-content\/uploads\/2023\/06\/escuela-macaira-webdealta.png","jetpack_sharing_enabled":true,"jetpack_likes_enabled":true,"jetpack-related-posts":[],"jetpack_shortlink":"https:\/\/wp.me\/pcseDn-1Qn","_links":{"self":[{"href":"https:\/\/webdealta.info\/index.php?rest_route=\/wp\/v2\/posts\/7091","targetHints":{"allow":["GET"]}}],"collection":[{"href":"https:\/\/webdealta.info\/index.php?rest_route=\/wp\/v2\/posts"}],"about":[{"href":"https:\/\/webdealta.info\/index.php?rest_route=\/wp\/v2\/types\/post"}],"author":[{"embeddable":true,"href":"https:\/\/webdealta.info\/index.php?rest_route=\/wp\/v2\/users\/2"}],"replies":[{"embeddable":true,"href":"https:\/\/webdealta.info\/index.php?rest_route=%2Fwp%2Fv2%2Fcomments&post=7091"}],"version-history":[{"count":1,"href":"https:\/\/webdealta.info\/index.php?rest_route=\/wp\/v2\/posts\/7091\/revisions"}],"predecessor-version":[{"id":7093,"href":"https:\/\/webdealta.info\/index.php?rest_route=\/wp\/v2\/posts\/7091\/revisions\/7093"}],"wp:featuredmedia":[{"embeddable":true,"href":"https:\/\/webdealta.info\/index.php?rest_route=\/wp\/v2\/media\/7092"}],"wp:attachment":[{"href":"https:\/\/webdealta.info\/index.php?rest_route=%2Fwp%2Fv2%2Fmedia&parent=7091"}],"wp:term":[{"taxonomy":"category","embeddable":true,"href":"https:\/\/webdealta.info\/index.php?rest_route=%2Fwp%2Fv2%2Fcategories&post=7091"},{"taxonomy":"post_tag","embeddable":true,"href":"https:\/\/webdealta.info\/index.php?rest_route=%2Fwp%2Fv2%2Ftags&post=7091"}],"curies":[{"name":"wp","href":"https:\/\/api.w.org\/{rel}","templated":true}]}}