{"id":7087,"date":"2023-06-01T20:48:17","date_gmt":"2023-06-02T00:48:17","guid":{"rendered":"https:\/\/webdealta.info\/?p=7087"},"modified":"2023-06-01T20:48:18","modified_gmt":"2023-06-02T00:48:18","slug":"celebraran-la-semana-de-la-gracitanidad-en-la-fundacion-dr-pedro-maria-arevalo","status":"publish","type":"post","link":"https:\/\/webdealta.info\/?p=7087","title":{"rendered":"Celebrar\u00e1n la Semana de la Gracitanidad en la Fundaci\u00f3n Dr. Pedro Mar\u00eda Ar\u00e9valo"},"content":{"rendered":"\n<p>Amanda Saldivia.-<\/p>\n\n\n\n<p>Por segundo a\u00f1o consecutivo la Fundaci\u00f3n Dr. Pedro Mar\u00eda Ar\u00e9valo realizar\u00e1 la Semana de la Gracitanidad, nombre que dan a las actividades enmarcadas en la celebraci\u00f3n de la fecha de fundaci\u00f3n de la parroquia Nuestra Se\u00f1ora de Altagracia, la cual fue el 4 de junio de 1676, de acuerdo a registros de la iglesia.<\/p>\n\n\n\n<p>Eduardo Adames, vicepresidente de la Fundaci\u00f3n, acompa\u00f1ado por Mar\u00eda Esther P\u00e9rez Pe\u00f1alver, vocal, fueron los encargados de dar a conocer la programaci\u00f3n que tendr\u00e1n en la sede, ubicada en la calle Ilustres Pr\u00f3ceres de Altagracia de Orituco, desde el pr\u00f3ximo lunes 5 hasta el s\u00e1bado 10 de junio.<\/p>\n\n\n\n<p>Para el lunes, a las 2:00 pm, est\u00e1 prevista la inauguraci\u00f3n de la exposici\u00f3n de pintura, con los artistas pl\u00e1sticos locales Briseida Mora, Nefel\u00edn Aular, Raymundo Hern\u00e1ndez y Jos\u00e9 Guacache; mientras el martes 6, a la misma hora, ser\u00e1 el conversatorio sobre la fecha de fundaci\u00f3n de la parroquia, a cargo de Lenny Toch\u00f3n y Leonardo Lagazzi.<\/p>\n\n\n\n<p>La programaci\u00f3n contin\u00faa el mi\u00e9rcoles 7 con un conversatorio sobre poes\u00eda, guiado por la poetisa Susana del Rosal, el viernes 9 un torneo de ajedrez, para cerrar el s\u00e1bado 10 con el compartir de la Gracitanidad con la participaci\u00f3n de los artistas Alexis Funez, Pedrito Leal, Manuel Laya, Antonio Galluzo, Chichi Inojosa, Guillermo Belisario y Danzas Venezuela Viva. Todos los eventos ser\u00e1n a partir de las 2:00 pm.<\/p>\n\n\n\n<p>@amandasaldivia  <\/p>\n\n\n\n<p><\/p>\n","protected":false},"excerpt":{"rendered":"<p>Amanda Saldivia.- Por segundo a\u00f1o consecutivo la Fundaci\u00f3n Dr. Pedro Mar\u00eda Ar\u00e9valo realizar\u00e1 la Semana de la Gracitanidad, nombre que dan a las actividades enmarcadas en la celebraci\u00f3n de la fecha de fundaci\u00f3n de la parroquia Nuestra Se\u00f1ora de Altagracia, la cual fue el 4 de junio de 1676, de<\/p>\n","protected":false},"author":2,"featured_media":7088,"comment_status":"open","ping_status":"open","sticky":false,"template":"","format":"standard","meta":{"advanced_seo_description":"","jetpack_seo_html_title":"","jetpack_seo_noindex":false,"_jetpack_memberships_contains_paid_content":false,"footnotes":"","jetpack_publicize_message":"","jetpack_publicize_feature_enabled":true,"jetpack_social_post_already_shared":true,"jetpack_social_options":{"image_generator_settings":{"template":"highway","enabled":false},"version":2}},"categories":[336,251],"tags":[8,7,32],"class_list":["post-7087","post","type-post","status-publish","format-standard","has-post-thumbnail","hentry","category-eventos","category-webdealta","tag-altagraciadeorituco","tag-guarico","tag-webdealta",""],"jetpack_publicize_connections":[],"jetpack_featured_media_url":"https:\/\/webdealta.info\/wp-content\/uploads\/2023\/06\/programa-fumpamm-webdealta.png","jetpack_sharing_enabled":true,"jetpack_likes_enabled":true,"jetpack-related-posts":[],"jetpack_shortlink":"https:\/\/wp.me\/pcseDn-1Qj","_links":{"self":[{"href":"https:\/\/webdealta.info\/index.php?rest_route=\/wp\/v2\/posts\/7087","targetHints":{"allow":["GET"]}}],"collection":[{"href":"https:\/\/webdealta.info\/index.php?rest_route=\/wp\/v2\/posts"}],"about":[{"href":"https:\/\/webdealta.info\/index.php?rest_route=\/wp\/v2\/types\/post"}],"author":[{"embeddable":true,"href":"https:\/\/webdealta.info\/index.php?rest_route=\/wp\/v2\/users\/2"}],"replies":[{"embeddable":true,"href":"https:\/\/webdealta.info\/index.php?rest_route=%2Fwp%2Fv2%2Fcomments&post=7087"}],"version-history":[{"count":1,"href":"https:\/\/webdealta.info\/index.php?rest_route=\/wp\/v2\/posts\/7087\/revisions"}],"predecessor-version":[{"id":7089,"href":"https:\/\/webdealta.info\/index.php?rest_route=\/wp\/v2\/posts\/7087\/revisions\/7089"}],"wp:featuredmedia":[{"embeddable":true,"href":"https:\/\/webdealta.info\/index.php?rest_route=\/wp\/v2\/media\/7088"}],"wp:attachment":[{"href":"https:\/\/webdealta.info\/index.php?rest_route=%2Fwp%2Fv2%2Fmedia&parent=7087"}],"wp:term":[{"taxonomy":"category","embeddable":true,"href":"https:\/\/webdealta.info\/index.php?rest_route=%2Fwp%2Fv2%2Fcategories&post=7087"},{"taxonomy":"post_tag","embeddable":true,"href":"https:\/\/webdealta.info\/index.php?rest_route=%2Fwp%2Fv2%2Ftags&post=7087"}],"curies":[{"name":"wp","href":"https:\/\/api.w.org\/{rel}","templated":true}]}}