{"id":7080,"date":"2023-05-31T21:59:53","date_gmt":"2023-06-01T01:59:53","guid":{"rendered":"https:\/\/webdealta.info\/?p=7080"},"modified":"2023-05-31T21:59:54","modified_gmt":"2023-06-01T01:59:54","slug":"dr-macero-dejen-el-cigarrillo-el-dia-mundial-de-no-fumar","status":"publish","type":"post","link":"https:\/\/webdealta.info\/?p=7080","title":{"rendered":"Dr. Macero: dejen el cigarrillo el D\u00eda Mundial de No Fumar"},"content":{"rendered":"\n<p>Amanda Saldivia.-<\/p>\n\n\n\n<p>El D\u00eda Mundial de No Fumar fue aprovechado por el Dr. Carlos Macero, m\u00e9dico cirujano tor\u00e1xico y neumon\u00f3logo cl\u00ednico, para recordar que el 31 de mayo es una fecha en la cual la Organizaci\u00f3n Mundial de la Salud hace esfuerzos para que se reduzca el consumo del tabaco y abocar por el establecimiento de pol\u00edticas eficaces para disminuirlo.<\/p>\n\n\n\n<p>Entre los argumentos expresados por este especialista radicado en Altagracia de Orituco, estuvo que el \u201ch\u00e1bito tab\u00e1quico es el principal factor contribuyente a las enfermedades neopl\u00e1sicas (tumores), al c\u00e1ncer, en especial el c\u00e1ncer de pulm\u00f3n que hoy en d\u00eda sigue siendo la primera causa de muerte por c\u00e1ncer en el mundo, sin importar la edad y el g\u00e9nero de los pacientes\u201d.<\/p>\n\n\n\n<p>Por ese motivo, aprovech\u00f3 la fecha para hacer un llamado, a trav\u00e9s del programa Tiempo de Cambios que se transmite en la emisora Activa 104.9 FM, para que dejen de fumar, porque representa un riesgo elevado para muchas enfermedades, la mayor\u00eda de ellas respiratorias, pero tambi\u00e9n en otros \u00f3rganos.<\/p>\n\n\n\n<p>Durante el mensaje difundido, fue enf\u00e1tico al precisar que no solo se trata del cigarrillo tradicional, si tambi\u00e9n los electr\u00f3nicos, conocidos como vaper.<\/p>\n\n\n\n<p>@amandasaldivia  <\/p>\n\n\n\n<p><\/p>\n","protected":false},"excerpt":{"rendered":"<p>Amanda Saldivia.- El D\u00eda Mundial de No Fumar fue aprovechado por el Dr. Carlos Macero, m\u00e9dico cirujano tor\u00e1xico y neumon\u00f3logo cl\u00ednico, para recordar que el 31 de mayo es una fecha en la cual la Organizaci\u00f3n Mundial de la Salud hace esfuerzos para que se reduzca el consumo del tabaco<\/p>\n","protected":false},"author":2,"featured_media":7081,"comment_status":"open","ping_status":"open","sticky":false,"template":"","format":"standard","meta":{"advanced_seo_description":"","jetpack_seo_html_title":"","jetpack_seo_noindex":false,"_jetpack_memberships_contains_paid_content":false,"footnotes":"","jetpack_publicize_message":"","jetpack_publicize_feature_enabled":true,"jetpack_social_post_already_shared":true,"jetpack_social_options":{"image_generator_settings":{"template":"highway","enabled":false},"version":2}},"categories":[12,251],"tags":[8,7,32],"class_list":["post-7080","post","type-post","status-publish","format-standard","has-post-thumbnail","hentry","category-salud","category-webdealta","tag-altagraciadeorituco","tag-guarico","tag-webdealta",""],"jetpack_publicize_connections":[],"jetpack_featured_media_url":"https:\/\/webdealta.info\/wp-content\/uploads\/2023\/05\/no-fumar-webdealta.png","jetpack_sharing_enabled":true,"jetpack_likes_enabled":true,"jetpack-related-posts":[],"jetpack_shortlink":"https:\/\/wp.me\/pcseDn-1Qc","_links":{"self":[{"href":"https:\/\/webdealta.info\/index.php?rest_route=\/wp\/v2\/posts\/7080","targetHints":{"allow":["GET"]}}],"collection":[{"href":"https:\/\/webdealta.info\/index.php?rest_route=\/wp\/v2\/posts"}],"about":[{"href":"https:\/\/webdealta.info\/index.php?rest_route=\/wp\/v2\/types\/post"}],"author":[{"embeddable":true,"href":"https:\/\/webdealta.info\/index.php?rest_route=\/wp\/v2\/users\/2"}],"replies":[{"embeddable":true,"href":"https:\/\/webdealta.info\/index.php?rest_route=%2Fwp%2Fv2%2Fcomments&post=7080"}],"version-history":[{"count":1,"href":"https:\/\/webdealta.info\/index.php?rest_route=\/wp\/v2\/posts\/7080\/revisions"}],"predecessor-version":[{"id":7082,"href":"https:\/\/webdealta.info\/index.php?rest_route=\/wp\/v2\/posts\/7080\/revisions\/7082"}],"wp:featuredmedia":[{"embeddable":true,"href":"https:\/\/webdealta.info\/index.php?rest_route=\/wp\/v2\/media\/7081"}],"wp:attachment":[{"href":"https:\/\/webdealta.info\/index.php?rest_route=%2Fwp%2Fv2%2Fmedia&parent=7080"}],"wp:term":[{"taxonomy":"category","embeddable":true,"href":"https:\/\/webdealta.info\/index.php?rest_route=%2Fwp%2Fv2%2Fcategories&post=7080"},{"taxonomy":"post_tag","embeddable":true,"href":"https:\/\/webdealta.info\/index.php?rest_route=%2Fwp%2Fv2%2Ftags&post=7080"}],"curies":[{"name":"wp","href":"https:\/\/api.w.org\/{rel}","templated":true}]}}