{"id":7071,"date":"2023-05-29T22:07:22","date_gmt":"2023-05-30T02:07:22","guid":{"rendered":"https:\/\/webdealta.info\/?p=7071"},"modified":"2023-05-29T22:07:24","modified_gmt":"2023-05-30T02:07:24","slug":"comite-de-ii-ferias-morros-honrara-a-san-juan-bautista","status":"publish","type":"post","link":"https:\/\/webdealta.info\/?p=7071","title":{"rendered":"Comit\u00e9 de II Ferias Morros honrar\u00e1 a San Juan Bautista"},"content":{"rendered":"\n<p>Cada vez se acerca m\u00e1s el D\u00eda de San Juan Bautista, patrono de la ciudad capital del estado Gu\u00e1rico, y conforme avanza el tiempo el comit\u00e9 organizador se prepara para garantizar un evento de alta calidad, es por ello que contin\u00faan en acciones de planificaci\u00f3n.<\/p>\n\n\n\n<p>En este sentido, desde el Palacio de Gobierno, los miembros de los distintos comit\u00e9s que tratar\u00e1n \u00e1mbitos como salud, recreaci\u00f3n, seguridad, turismo, entre otras, se reunieron para planificar las acciones a realizarse en este pr\u00f3ximo mes de junio, para realzar y cumplir con las tradicionales fiestas a San Juan Bautista.<\/p>\n\n\n\n<p>Dentro de este contexto, se encuentran evaluando los distintos v\u00e9rtices para que las fiestas puedan salir con total \u00e9xito. De esta manera, el equipo organizador est\u00e1 conformado por distintos profesionales en sus \u00e1reas, para que puedan confluir las experiencias y los saberes, y de esta forma, ofrecer resultados positivos que van a beneficiar a la poblaci\u00f3n.<\/p>\n\n\n\n<p>Es importante destacar, que dicha reuni\u00f3n fue encabezada por el jefe del Gabinete de Gobierno, C\u00e9sar G\u00f3mez, en representaci\u00f3n del gobernador del estado Gu\u00e1rico, Jos\u00e9 V\u00e1squez, quien en los pr\u00f3ximos d\u00edas estar\u00e1 ampliando los detalles sobre la segunda edici\u00f3n de las Ferias Morros 2023.<\/p>\n\n\n\n<p>Dentro de las acciones importantes, se coment\u00f3 que ya est\u00e1n avanzando en el tema del reinado, as\u00ed como en los distintos conciertos que ofrecer\u00e1n y que pondr\u00e1n a bailar al pueblo llanero, garantizando un espect\u00e1culo inolvidable y que supere la edici\u00f3n anterior.<\/p>\n\n\n\n<p>De la misma forma, se encuentran planificando los actos religiosos para honrar a este santo que vivi\u00f3 una vida ejemplar, destac\u00e1ndose en las virtudes de humildad y paciencia.<\/p>\n\n\n\n<p>Desde la Plaza Bol\u00edvar, se encuentra el imponente monumento el Sanjuanote que miles de habitantes de la localidad observan en su cotidianidad al recorrer las calles, homenajeando y recordando a este hombre que se ha convertido en un s\u00edmbolo de cultura y tradici\u00f3n no s\u00f3lo para los sanjuaneros, sino para todo el pueblo guarique\u00f1o.<\/p>\n\n\n\n<p>Sibci Gu\u00e1rico  <\/p>\n\n\n\n<p><\/p>\n","protected":false},"excerpt":{"rendered":"<p>Cada vez se acerca m\u00e1s el D\u00eda de San Juan Bautista, patrono de la ciudad capital del estado Gu\u00e1rico, y conforme avanza el tiempo el comit\u00e9 organizador se prepara para garantizar un evento de alta calidad, es por ello que contin\u00faan en acciones de planificaci\u00f3n. En este sentido, desde el<\/p>\n","protected":false},"author":2,"featured_media":7072,"comment_status":"open","ping_status":"open","sticky":false,"template":"","format":"standard","meta":{"advanced_seo_description":"","jetpack_seo_html_title":"","jetpack_seo_noindex":false,"_jetpack_memberships_contains_paid_content":false,"footnotes":"","jetpack_publicize_message":"","jetpack_publicize_feature_enabled":true,"jetpack_social_post_already_shared":true,"jetpack_social_options":{"image_generator_settings":{"template":"highway","enabled":false},"version":2}},"categories":[117,284,251],"tags":[8,7,32],"class_list":["post-7071","post","type-post","status-publish","format-standard","has-post-thumbnail","hentry","category-celebracion","category-gobierno-de-guarico","category-webdealta","tag-altagraciadeorituco","tag-guarico","tag-webdealta",""],"jetpack_publicize_connections":[],"jetpack_featured_media_url":"https:\/\/webdealta.info\/wp-content\/uploads\/2023\/05\/ferias-san-juan-webdealta.png","jetpack_sharing_enabled":true,"jetpack_likes_enabled":true,"jetpack-related-posts":[],"jetpack_shortlink":"https:\/\/wp.me\/pcseDn-1Q3","_links":{"self":[{"href":"https:\/\/webdealta.info\/index.php?rest_route=\/wp\/v2\/posts\/7071","targetHints":{"allow":["GET"]}}],"collection":[{"href":"https:\/\/webdealta.info\/index.php?rest_route=\/wp\/v2\/posts"}],"about":[{"href":"https:\/\/webdealta.info\/index.php?rest_route=\/wp\/v2\/types\/post"}],"author":[{"embeddable":true,"href":"https:\/\/webdealta.info\/index.php?rest_route=\/wp\/v2\/users\/2"}],"replies":[{"embeddable":true,"href":"https:\/\/webdealta.info\/index.php?rest_route=%2Fwp%2Fv2%2Fcomments&post=7071"}],"version-history":[{"count":1,"href":"https:\/\/webdealta.info\/index.php?rest_route=\/wp\/v2\/posts\/7071\/revisions"}],"predecessor-version":[{"id":7073,"href":"https:\/\/webdealta.info\/index.php?rest_route=\/wp\/v2\/posts\/7071\/revisions\/7073"}],"wp:featuredmedia":[{"embeddable":true,"href":"https:\/\/webdealta.info\/index.php?rest_route=\/wp\/v2\/media\/7072"}],"wp:attachment":[{"href":"https:\/\/webdealta.info\/index.php?rest_route=%2Fwp%2Fv2%2Fmedia&parent=7071"}],"wp:term":[{"taxonomy":"category","embeddable":true,"href":"https:\/\/webdealta.info\/index.php?rest_route=%2Fwp%2Fv2%2Fcategories&post=7071"},{"taxonomy":"post_tag","embeddable":true,"href":"https:\/\/webdealta.info\/index.php?rest_route=%2Fwp%2Fv2%2Ftags&post=7071"}],"curies":[{"name":"wp","href":"https:\/\/api.w.org\/{rel}","templated":true}]}}