{"id":7068,"date":"2023-05-29T22:00:12","date_gmt":"2023-05-30T02:00:12","guid":{"rendered":"https:\/\/webdealta.info\/?p=7068"},"modified":"2023-05-29T22:00:14","modified_gmt":"2023-05-30T02:00:14","slug":"fallas-electricas-prolongadas-padecen-comunidades-rurales-del-orituco","status":"publish","type":"post","link":"https:\/\/webdealta.info\/?p=7068","title":{"rendered":"Fallas el\u00e9ctricas prolongadas padecen comunidades rurales del Orituco"},"content":{"rendered":"\n<p>Amanda Saldivia.-<\/p>\n\n\n\n<p>Las constantes fallas en el servicio el\u00e9ctrico, unido al racionamiento, es uno de los problemas m\u00e1s sentidos en las \u00faltimas semanas en el municipio Jos\u00e9 Tadeo Monagas, Gu\u00e1rico, con el agravante de que Corpoelec no dispone de unidades y los lapsos de espera son mayores, mientras que en otros la cuadrilla nunca llega.<\/p>\n\n\n\n<p>Ese es el caso que expuso Adriana L\u00f3pez, habitante de La Loma, caser\u00edo ubicado a pocos kil\u00f3metros de la poblaci\u00f3n de Paso Real de Macaira, quien narr\u00f3 a la Web de Altagracia que \u201cdesde el pasado mi\u00e9rcoles en la tarde no tuvimos servicio el\u00e9ctrico en varias zonas, como la Loma de Paso Real, Paso del Medio, Jabillal de Macaira, El Guamo, Oruz y Sabana Grande y nadie se ha preocupado o se ha tomado la molestia de solventar el problema\u201d.<\/p>\n\n\n\n<p>La mayor preocupaci\u00f3n de esta ciudadana, es que hay adultos mayores y reci\u00e9n nacidos, quienes son los m\u00e1s afectados; adem\u00e1s de que la comida se les da\u00f1a, no hay ni siquiera la presencia de alguna cuadrilla de Corpoelec o autoridad que busque la soluci\u00f3n al problema.<\/p>\n\n\n\n<p>Adriana L\u00f3pez cree, que el origen est\u00e1 en un sector donde se genera un corto que \u201ctumba unos tabacos\u201d, y cont\u00f3 que ante la falta de respuesta, son unos vecinos del caser\u00edo Oruz, quienes van a restablecer el servicio, pero al rato falla nuevamente.<\/p>\n\n\n\n<p>\u201cYa nuestra gente no da para m\u00e1s, como es posible que desde el mi\u00e9rcoles sin luz, las personas de Oruz que siempre colaboran llegaron y subieron los tabacos y dur\u00f3 de siete a once de la noche y se volvieron a caer\u2026queremos una soluci\u00f3n, expres\u00f3 Adriana L\u00f3pez.<\/p>\n\n\n\n<p>@amandasaldivia<\/p>\n\n\n\n<p><\/p>\n\n\n\n<p>  <\/p>\n","protected":false},"excerpt":{"rendered":"<p>Amanda Saldivia.- Las constantes fallas en el servicio el\u00e9ctrico, unido al racionamiento, es uno de los problemas m\u00e1s sentidos en las \u00faltimas semanas en el municipio Jos\u00e9 Tadeo Monagas, Gu\u00e1rico, con el agravante de que Corpoelec no dispone de unidades y los lapsos de espera son mayores, mientras que en<\/p>\n","protected":false},"author":2,"featured_media":7069,"comment_status":"open","ping_status":"open","sticky":false,"template":"","format":"standard","meta":{"advanced_seo_description":"","jetpack_seo_html_title":"","jetpack_seo_noindex":false,"_jetpack_memberships_contains_paid_content":false,"footnotes":"","jetpack_publicize_message":"","jetpack_publicize_feature_enabled":true,"jetpack_social_post_already_shared":true,"jetpack_social_options":{"image_generator_settings":{"template":"highway","enabled":false},"version":2}},"categories":[122,268,251],"tags":[8,7,32],"class_list":["post-7068","post","type-post","status-publish","format-standard","has-post-thumbnail","hentry","category-electricidad","category-servicios-publicos","category-webdealta","tag-altagraciadeorituco","tag-guarico","tag-webdealta",""],"jetpack_publicize_connections":[],"jetpack_featured_media_url":"https:\/\/webdealta.info\/wp-content\/uploads\/2023\/05\/la-loma-de-paso-real-webdealta.png","jetpack_sharing_enabled":true,"jetpack_likes_enabled":true,"jetpack-related-posts":[],"jetpack_shortlink":"https:\/\/wp.me\/pcseDn-1Q0","_links":{"self":[{"href":"https:\/\/webdealta.info\/index.php?rest_route=\/wp\/v2\/posts\/7068","targetHints":{"allow":["GET"]}}],"collection":[{"href":"https:\/\/webdealta.info\/index.php?rest_route=\/wp\/v2\/posts"}],"about":[{"href":"https:\/\/webdealta.info\/index.php?rest_route=\/wp\/v2\/types\/post"}],"author":[{"embeddable":true,"href":"https:\/\/webdealta.info\/index.php?rest_route=\/wp\/v2\/users\/2"}],"replies":[{"embeddable":true,"href":"https:\/\/webdealta.info\/index.php?rest_route=%2Fwp%2Fv2%2Fcomments&post=7068"}],"version-history":[{"count":1,"href":"https:\/\/webdealta.info\/index.php?rest_route=\/wp\/v2\/posts\/7068\/revisions"}],"predecessor-version":[{"id":7070,"href":"https:\/\/webdealta.info\/index.php?rest_route=\/wp\/v2\/posts\/7068\/revisions\/7070"}],"wp:featuredmedia":[{"embeddable":true,"href":"https:\/\/webdealta.info\/index.php?rest_route=\/wp\/v2\/media\/7069"}],"wp:attachment":[{"href":"https:\/\/webdealta.info\/index.php?rest_route=%2Fwp%2Fv2%2Fmedia&parent=7068"}],"wp:term":[{"taxonomy":"category","embeddable":true,"href":"https:\/\/webdealta.info\/index.php?rest_route=%2Fwp%2Fv2%2Fcategories&post=7068"},{"taxonomy":"post_tag","embeddable":true,"href":"https:\/\/webdealta.info\/index.php?rest_route=%2Fwp%2Fv2%2Ftags&post=7068"}],"curies":[{"name":"wp","href":"https:\/\/api.w.org\/{rel}","templated":true}]}}