{"id":7061,"date":"2023-05-28T13:06:07","date_gmt":"2023-05-28T17:06:07","guid":{"rendered":"https:\/\/webdealta.info\/?p=7061"},"modified":"2023-05-28T13:06:09","modified_gmt":"2023-05-28T17:06:09","slug":"reporteros-escolares-destacaron-en-ix-festival-voces-magicas","status":"publish","type":"post","link":"https:\/\/webdealta.info\/?p=7061","title":{"rendered":"Reporteros Escolares destacaron en IX Festival Voces M\u00e1gicas"},"content":{"rendered":"\n<p>Amanda Saldivia.-<\/p>\n\n\n\n<p>Estudiantes de educaci\u00f3n inicial, primaria, media general y modalidad del municipio Jos\u00e9 Tadeo Monagas participaron en el IX Festival Intercircuital de Reporteros Escolares Voces M\u00e1gicas, donde demostraron las habilidades en la difusi\u00f3n de noticias y entrevistas period\u00edsticas.<\/p>\n\n\n\n<p>Este a\u00f1o, el festival fue en honor a la licenciada Masaya Candelario, directora de Prensa de la alcald\u00eda del municipio Monagas, quien adem\u00e1s es profesora de distintas c\u00e1tedras de la carrera de Comunicaci\u00f3n Social que se imparte en Altagracia de Orituco, por medio de la misi\u00f3n Sucre.<\/p>\n\n\n\n<p>El festival fue organizado por el Centro de Desarrollo por la Calidad Educativa, a cargo de la Dra. Susana Sayegh, junto al equipo que conforma lo que antes se conoc\u00eda como Red Circuital Monagas, quienes designaron al jurado integrado por periodistas y trabajadores de los medios de comunicaci\u00f3n social, responsabilidad que recay\u00f3 en Alejandra Vel\u00e1squez, Anamin Cario, Elohandra Reyes, Danny Ojeda y Eduardo Mart\u00ednez De Munck.<\/p>\n\n\n\n<p>La profesora Karina Loreto, coordinadora del evento por parte del Centro de Desarrollo de la Calidad Educativa, dijo que se inscribieron en el festival 14 instituciones, entre ellas, por educaci\u00f3n inicial estudiantes de J.I. Jos\u00e9 Ram\u00f3n Camejo, J.I. Botal\u00f3n, J.I. Los Guaiquer\u00edes y J.I. Abelardo M\u00e9ndez.<\/p>\n\n\n\n<p>Por primaria participaron E. B. Madre Candelaria de San Jos\u00e9 (La Cuman\u00e1), E.B Jos\u00e9 Ram\u00f3n Camejo, E. B. Los Guaiquer\u00edes, E.B. Rub\u00e9n Hurtado Rodr\u00edguez, E. B. B. Ezequiel Zamora NER 395 Alto de Ipare; mientras por Media General. U. E. Jos\u00e9. F. Torrealba, U. E. L. Nacional fil\u00f3sofo Andr\u00e9s Bello y U.E. liceo Botal\u00f3n. Igualmente, por modalidad, un estudiante Instituto de Educaci\u00f3n Especial Altagracia.<\/p>\n\n\n\n<p>El evento fue animado por el profesor y locutor Francisco Israel Alvarado. Adem\u00e1s, fue transmitido en vivo por Instagram, gracias a la labor de Leonardo Flores, coordinador de medios audiovisuales de la escuela Los Guaiquer\u00edes.<\/p>\n\n\n\n<p>@amandasaldivia  <\/p>\n\n\n\n<p><\/p>\n","protected":false},"excerpt":{"rendered":"<p>Amanda Saldivia.- Estudiantes de educaci\u00f3n inicial, primaria, media general y modalidad del municipio Jos\u00e9 Tadeo Monagas participaron en el IX Festival Intercircuital de Reporteros Escolares Voces M\u00e1gicas, donde demostraron las habilidades en la difusi\u00f3n de noticias y entrevistas period\u00edsticas. Este a\u00f1o, el festival fue en honor a la licenciada Masaya<\/p>\n","protected":false},"author":2,"featured_media":7062,"comment_status":"open","ping_status":"open","sticky":false,"template":"","format":"standard","meta":{"advanced_seo_description":"","jetpack_seo_html_title":"","jetpack_seo_noindex":false,"_jetpack_memberships_contains_paid_content":false,"footnotes":"","jetpack_publicize_message":"","jetpack_publicize_feature_enabled":true,"jetpack_social_post_already_shared":true,"jetpack_social_options":{"image_generator_settings":{"template":"highway","enabled":false},"version":2}},"categories":[151],"tags":[8,7,32],"class_list":["post-7061","post","type-post","status-publish","format-standard","has-post-thumbnail","hentry","category-educacion","tag-altagraciadeorituco","tag-guarico","tag-webdealta",""],"jetpack_publicize_connections":[],"jetpack_featured_media_url":"https:\/\/webdealta.info\/wp-content\/uploads\/2023\/05\/festival-webdealta-2023.png","jetpack_sharing_enabled":true,"jetpack_likes_enabled":true,"jetpack-related-posts":[],"jetpack_shortlink":"https:\/\/wp.me\/pcseDn-1PT","_links":{"self":[{"href":"https:\/\/webdealta.info\/index.php?rest_route=\/wp\/v2\/posts\/7061","targetHints":{"allow":["GET"]}}],"collection":[{"href":"https:\/\/webdealta.info\/index.php?rest_route=\/wp\/v2\/posts"}],"about":[{"href":"https:\/\/webdealta.info\/index.php?rest_route=\/wp\/v2\/types\/post"}],"author":[{"embeddable":true,"href":"https:\/\/webdealta.info\/index.php?rest_route=\/wp\/v2\/users\/2"}],"replies":[{"embeddable":true,"href":"https:\/\/webdealta.info\/index.php?rest_route=%2Fwp%2Fv2%2Fcomments&post=7061"}],"version-history":[{"count":1,"href":"https:\/\/webdealta.info\/index.php?rest_route=\/wp\/v2\/posts\/7061\/revisions"}],"predecessor-version":[{"id":7063,"href":"https:\/\/webdealta.info\/index.php?rest_route=\/wp\/v2\/posts\/7061\/revisions\/7063"}],"wp:featuredmedia":[{"embeddable":true,"href":"https:\/\/webdealta.info\/index.php?rest_route=\/wp\/v2\/media\/7062"}],"wp:attachment":[{"href":"https:\/\/webdealta.info\/index.php?rest_route=%2Fwp%2Fv2%2Fmedia&parent=7061"}],"wp:term":[{"taxonomy":"category","embeddable":true,"href":"https:\/\/webdealta.info\/index.php?rest_route=%2Fwp%2Fv2%2Fcategories&post=7061"},{"taxonomy":"post_tag","embeddable":true,"href":"https:\/\/webdealta.info\/index.php?rest_route=%2Fwp%2Fv2%2Ftags&post=7061"}],"curies":[{"name":"wp","href":"https:\/\/api.w.org\/{rel}","templated":true}]}}