{"id":7057,"date":"2023-05-28T12:01:36","date_gmt":"2023-05-28T16:01:36","guid":{"rendered":"https:\/\/webdealta.info\/?p=7057"},"modified":"2023-05-28T12:01:37","modified_gmt":"2023-05-28T16:01:37","slug":"el-poder-del-conocimiento-la-curiosa-historia-sobre-el-origen-del-maraton","status":"publish","type":"post","link":"https:\/\/webdealta.info\/?p=7057","title":{"rendered":"El Poder del Conocimiento: la curiosa historia sobre el origen del marat\u00f3n"},"content":{"rendered":"\n<p>Amanda Saldivia.-<\/p>\n\n\n\n<p>En torno a la disciplina deportiva Marat\u00f3n hay una historia interesante que se remonta a la guerra entre griegos y persas en el 490 a. C. El portal soymaratonista.com rese\u00f1a que, de acuerdo a los datos hist\u00f3ricos que se disponen, un ej\u00e9rcito numeroso de persas lleg\u00f3 a la ciudad de Marat\u00f3n, ubicada a 40 kil\u00f3metros de Atenas. La intenci\u00f3n era invadir Grecia.<\/p>\n\n\n\n<p>Al parecer, los griegos al saber que pod\u00edan ser derrotados por los persas, les pidieron a sus mujeres que quemaran la ciudad, que mataran a sus hijos y a s\u00ed mismas, si no regresaban en un d\u00eda a Atenas.<\/p>\n\n\n\n<p>Aunque los persas los superaban el n\u00famero de combatientes, la Batalla de Marat\u00f3n la ganaron los griegos y ante el desespero de no avisar a tiempo el triunfo y que las mujeres cumplieran el mandato, el general Milc\u00edades II envi\u00f3 al soldado m\u00e1s atl\u00e9tico a notificar que hab\u00edan ganado.<\/p>\n\n\n\n<p>Fue as\u00ed como Fil\u00edpides corri\u00f3 40 kil\u00f3metros, que separaban a Marat\u00f3n de Atenas y entr\u00f3 gritando \u00a1Hemos ganado! Para luego fallecer debido al esfuerzo de la carrera y de la batalla.<\/p>\n\n\n\n<p>Esa es la historia en torno al origen del marat\u00f3n, disciplina del atletismo incluida en los Juegos Ol\u00edmpicos de Atenas en 1896.<\/p>\n\n\n\n<p>Pero, por qu\u00e9 si eran 40 kil\u00f3metros el recorrido inicial inspirado en la carrera de Fil\u00edpides, ahora un marat\u00f3n es de 42 kil\u00f3metros con 195 metros.<\/p>\n\n\n\n<p>Esa es otra historia y est\u00e1 relacionada con la Reina consorte Alejandra de Inglaterra. Resulta que ella pidi\u00f3 a los organizadores de los Juegos Ol\u00edmpicos de Londres en 1908, que ellos pudieran ver la salida del marat\u00f3n desde el palacio Real de Windsor, lo que oblig\u00f3 al comit\u00e9 a sumarle 2 kil\u00f3metros con 195 metros a esa competencia.<\/p>\n\n\n\n<p>A\u00f1os m\u00e1s tarde, esa distancia fue la oficial en esa disciplina y no los 40 kil\u00f3metros de carrera de Fil\u00edpides, quien muri\u00f3 del esfuerzo para salvar vida la vida de las mujeres y ni\u00f1os de la ciudad de Atenas.<\/p>\n\n\n\n<p>Esta es la versi\u00f3n del portal soymaratonista.com sobre la historia de esta disciplina que se han extendido en el mundo y que ahora tiene otras categor\u00edas, entre ellas la media marat\u00f3n y las carreras 5,10 y 15 K.<\/p>\n\n\n\n<p>La historia que compartimos son parte de la serie de micros El Poder del Conocimiento, iniciativa de la empresa Promasorca, con la finalidad de enriquecer los saberes con curiosidades y an\u00e9cdotas de la regi\u00f3n del Orituco, Venezuela y el mundo, los cuales son difundidos en el programa Tiempo de Cambios que se transmite por la emisora Activa 104.9 FM de Altagracia de Orituco.<\/p>\n\n\n\n<p>@amandasaldivia  <\/p>\n\n\n\n<p><\/p>\n","protected":false},"excerpt":{"rendered":"<p>Amanda Saldivia.- En torno a la disciplina deportiva Marat\u00f3n hay una historia interesante que se remonta a la guerra entre griegos y persas en el 490 a. C. El portal soymaratonista.com rese\u00f1a que, de acuerdo a los datos hist\u00f3ricos que se disponen, un ej\u00e9rcito numeroso de persas lleg\u00f3 a la<\/p>\n","protected":false},"author":2,"featured_media":7058,"comment_status":"open","ping_status":"open","sticky":false,"template":"","format":"standard","meta":{"advanced_seo_description":"","jetpack_seo_html_title":"","jetpack_seo_noindex":false,"_jetpack_memberships_contains_paid_content":false,"footnotes":"","jetpack_publicize_message":"","jetpack_publicize_feature_enabled":true,"jetpack_social_post_already_shared":true,"jetpack_social_options":{"image_generator_settings":{"template":"highway","enabled":false},"version":2}},"categories":[302,251],"tags":[8,7,32],"class_list":["post-7057","post","type-post","status-publish","format-standard","has-post-thumbnail","hentry","category-el-poder-del-conocimiento","category-webdealta","tag-altagraciadeorituco","tag-guarico","tag-webdealta",""],"jetpack_publicize_connections":[],"jetpack_featured_media_url":"https:\/\/webdealta.info\/wp-content\/uploads\/2023\/05\/el-poder-del-conocimiento-maraton-webdealta.png","jetpack_sharing_enabled":true,"jetpack_likes_enabled":true,"jetpack-related-posts":[],"jetpack_shortlink":"https:\/\/wp.me\/pcseDn-1PP","_links":{"self":[{"href":"https:\/\/webdealta.info\/index.php?rest_route=\/wp\/v2\/posts\/7057","targetHints":{"allow":["GET"]}}],"collection":[{"href":"https:\/\/webdealta.info\/index.php?rest_route=\/wp\/v2\/posts"}],"about":[{"href":"https:\/\/webdealta.info\/index.php?rest_route=\/wp\/v2\/types\/post"}],"author":[{"embeddable":true,"href":"https:\/\/webdealta.info\/index.php?rest_route=\/wp\/v2\/users\/2"}],"replies":[{"embeddable":true,"href":"https:\/\/webdealta.info\/index.php?rest_route=%2Fwp%2Fv2%2Fcomments&post=7057"}],"version-history":[{"count":1,"href":"https:\/\/webdealta.info\/index.php?rest_route=\/wp\/v2\/posts\/7057\/revisions"}],"predecessor-version":[{"id":7059,"href":"https:\/\/webdealta.info\/index.php?rest_route=\/wp\/v2\/posts\/7057\/revisions\/7059"}],"wp:featuredmedia":[{"embeddable":true,"href":"https:\/\/webdealta.info\/index.php?rest_route=\/wp\/v2\/media\/7058"}],"wp:attachment":[{"href":"https:\/\/webdealta.info\/index.php?rest_route=%2Fwp%2Fv2%2Fmedia&parent=7057"}],"wp:term":[{"taxonomy":"category","embeddable":true,"href":"https:\/\/webdealta.info\/index.php?rest_route=%2Fwp%2Fv2%2Fcategories&post=7057"},{"taxonomy":"post_tag","embeddable":true,"href":"https:\/\/webdealta.info\/index.php?rest_route=%2Fwp%2Fv2%2Ftags&post=7057"}],"curies":[{"name":"wp","href":"https:\/\/api.w.org\/{rel}","templated":true}]}}