{"id":7031,"date":"2023-05-24T10:00:38","date_gmt":"2023-05-24T14:00:38","guid":{"rendered":"https:\/\/webdealta.info\/?p=7031"},"modified":"2023-05-24T10:00:41","modified_gmt":"2023-05-24T14:00:41","slug":"joven-de-23-anos-fue-asesinado-de-multiples-disparos-en-el-sector-san-juan","status":"publish","type":"post","link":"https:\/\/webdealta.info\/?p=7031","title":{"rendered":"Joven de 23 a\u00f1os fue asesinado de m\u00faltiples disparos en el sector San Juan"},"content":{"rendered":"\n<p>Amanda Saldivia.-<\/p>\n\n\n\n<p>De m\u00faltiples disparos fue asesinado Jorge Manuel Colina Hern\u00e1ndez, de 23 a\u00f1os de edad, hecho registrado en el sector San Juan de Altagracia de Orituco, aproximadamente a las 9:55 pm, de este martes 23 de mayo.<\/p>\n\n\n\n<p>De acuerdo a la versi\u00f3n de vecinos de la zona, al sector San Juan, calle Alejandro Armas, donde resid\u00eda Colina, se presentaron varios sujetos con armas largas, quienes le efectuaron los disparos que le causaron la muerte. Trascendi\u00f3, que, por la caracter\u00edstica del hecho, el m\u00f3vil ser\u00eda lo que se conoce policialmente como \u201cajuste de cuentas\u201d.<\/p>\n\n\n\n<p>Al lugar se present\u00f3 una comisi\u00f3n del Cuerpo de Investigaciones Cient\u00edficas, Penales y Criminal\u00edsticas para las experticias del hecho y el posterior trasladado del cuerpo a la morgue del hospital Dr. Jos\u00e9 Francisco Torrealba, donde se realiz\u00f3 la autopsia de ley.<\/p>\n\n\n\n<p>Le corresponder\u00e1 a la Fiscal\u00eda Octava llevar adelante las investigaciones de ese homicidio.<\/p>\n\n\n\n<p>@amandasaldivia  <\/p>\n\n\n\n<p><\/p>\n","protected":false},"excerpt":{"rendered":"<p>Amanda Saldivia.- De m\u00faltiples disparos fue asesinado Jorge Manuel Colina Hern\u00e1ndez, de 23 a\u00f1os de edad, hecho registrado en el sector San Juan de Altagracia de Orituco, aproximadamente a las 9:55 pm, de este martes 23 de mayo. De acuerdo a la versi\u00f3n de vecinos de la zona, al sector<\/p>\n","protected":false},"author":2,"featured_media":7033,"comment_status":"open","ping_status":"open","sticky":false,"template":"","format":"standard","meta":{"advanced_seo_description":"","jetpack_seo_html_title":"","jetpack_seo_noindex":false,"_jetpack_memberships_contains_paid_content":false,"footnotes":"","jetpack_publicize_message":"","jetpack_publicize_feature_enabled":true,"jetpack_social_post_already_shared":true,"jetpack_social_options":{"image_generator_settings":{"template":"highway","enabled":false},"version":2}},"categories":[234,251],"tags":[8,7,32],"class_list":["post-7031","post","type-post","status-publish","format-standard","has-post-thumbnail","hentry","category-sucesos","category-webdealta","tag-altagraciadeorituco","tag-guarico","tag-webdealta",""],"jetpack_publicize_connections":[],"jetpack_featured_media_url":"https:\/\/webdealta.info\/wp-content\/uploads\/2023\/05\/san-juan-webdealta-23.png","jetpack_sharing_enabled":true,"jetpack_likes_enabled":true,"jetpack-related-posts":[],"jetpack_shortlink":"https:\/\/wp.me\/pcseDn-1Pp","_links":{"self":[{"href":"https:\/\/webdealta.info\/index.php?rest_route=\/wp\/v2\/posts\/7031","targetHints":{"allow":["GET"]}}],"collection":[{"href":"https:\/\/webdealta.info\/index.php?rest_route=\/wp\/v2\/posts"}],"about":[{"href":"https:\/\/webdealta.info\/index.php?rest_route=\/wp\/v2\/types\/post"}],"author":[{"embeddable":true,"href":"https:\/\/webdealta.info\/index.php?rest_route=\/wp\/v2\/users\/2"}],"replies":[{"embeddable":true,"href":"https:\/\/webdealta.info\/index.php?rest_route=%2Fwp%2Fv2%2Fcomments&post=7031"}],"version-history":[{"count":1,"href":"https:\/\/webdealta.info\/index.php?rest_route=\/wp\/v2\/posts\/7031\/revisions"}],"predecessor-version":[{"id":7034,"href":"https:\/\/webdealta.info\/index.php?rest_route=\/wp\/v2\/posts\/7031\/revisions\/7034"}],"wp:featuredmedia":[{"embeddable":true,"href":"https:\/\/webdealta.info\/index.php?rest_route=\/wp\/v2\/media\/7033"}],"wp:attachment":[{"href":"https:\/\/webdealta.info\/index.php?rest_route=%2Fwp%2Fv2%2Fmedia&parent=7031"}],"wp:term":[{"taxonomy":"category","embeddable":true,"href":"https:\/\/webdealta.info\/index.php?rest_route=%2Fwp%2Fv2%2Fcategories&post=7031"},{"taxonomy":"post_tag","embeddable":true,"href":"https:\/\/webdealta.info\/index.php?rest_route=%2Fwp%2Fv2%2Ftags&post=7031"}],"curies":[{"name":"wp","href":"https:\/\/api.w.org\/{rel}","templated":true}]}}