{"id":7023,"date":"2023-05-23T20:53:10","date_gmt":"2023-05-24T00:53:10","guid":{"rendered":"https:\/\/webdealta.info\/?p=7023"},"modified":"2023-05-23T20:53:12","modified_gmt":"2023-05-24T00:53:12","slug":"gobierno-de-guarico-evalua-acciones-desplegadas-en-los-15-municipios","status":"publish","type":"post","link":"https:\/\/webdealta.info\/?p=7023","title":{"rendered":"Gobierno de Gu\u00e1rico eval\u00faa acciones desplegadas en los 15 municipios"},"content":{"rendered":"\n<p>Sibci Gu\u00e1rico.-<\/p>\n\n\n\n<p>El gobernador del estado Gu\u00e1rico Jos\u00e9 V\u00e1squez, junto a su gabinete de gobierno, estableci\u00f3 una mesa de trabajo para evaluar las acciones desplegadas en los 15 municipios de la entidad llanera, teniendo como objetivo profundizar la gesti\u00f3n y el dinamismo de la integraci\u00f3n gubernamental para fortalecer los programas que garantizan el bienestar de los guarique\u00f1os.<\/p>\n\n\n\n<p>V\u00e1squez enfatiz\u00f3, que actualmente los v\u00e9rtices de mayor impacto contemplan en el Estado Mayor de Riesgo con motivo a la llegada de la temporada de las lluvias, as\u00ed como la atenci\u00f3n de los reportes registrados en el sistema del 1&#215;10 del Buen Gobierno, donde se ha mantenido un seguimiento y control de forma rigurosa atendiendo el llamado del pueblo a favor de su bienestar.<\/p>\n\n\n\n<p>A esto se suma, el \u00e1mbito de Infraestructura y Obras P\u00fablicas donde se mantienen en ejecuci\u00f3n proyectos estrat\u00e9gicos como la rehabilitaci\u00f3n de centros educativos, construcci\u00f3n de pozos profundos para garantizar el suministro de agua potable en diversas comunidades; proyectos de asfaltado para la mejora de la transitabilidad de la vialidad urbana y extra urbana; Seguridad Ciudadana, Econom\u00eda Productiva, Pol\u00edtico Territorial, entre otras, que adem\u00e1s permiten el desarrollo sostenible del estado.<\/p>\n\n\n\n<p>En este escenario, V\u00e1squez, adem\u00e1s, asegur\u00f3 que dentro de esto la voz del Poder Popular Organizado mantiene su incorporaci\u00f3n total, debido a que estos desde las bases han tributado al fortalecimiento de la gesti\u00f3n de gobierno, tomando protagonismo en el marco social, econ\u00f3mico y pol\u00edtico para realizar una gesti\u00f3n eficiente de la mano de los entes gubernamentales y l\u00edderes de gobierno.  <\/p>\n\n\n\n<p><\/p>\n","protected":false},"excerpt":{"rendered":"<p>Sibci Gu\u00e1rico.- El gobernador del estado Gu\u00e1rico Jos\u00e9 V\u00e1squez, junto a su gabinete de gobierno, estableci\u00f3 una mesa de trabajo para evaluar las acciones desplegadas en los 15 municipios de la entidad llanera, teniendo como objetivo profundizar la gesti\u00f3n y el dinamismo de la integraci\u00f3n gubernamental para fortalecer los programas<\/p>\n","protected":false},"author":2,"featured_media":7024,"comment_status":"open","ping_status":"open","sticky":false,"template":"","format":"standard","meta":{"advanced_seo_description":"","jetpack_seo_html_title":"","jetpack_seo_noindex":false,"_jetpack_memberships_contains_paid_content":false,"footnotes":"","jetpack_publicize_message":"","jetpack_publicize_feature_enabled":true,"jetpack_social_post_already_shared":true,"jetpack_social_options":{"image_generator_settings":{"template":"highway","enabled":false},"version":2}},"categories":[284,66,251],"tags":[8,7,32],"class_list":["post-7023","post","type-post","status-publish","format-standard","has-post-thumbnail","hentry","category-gobierno-de-guarico","category-regionales","category-webdealta","tag-altagraciadeorituco","tag-guarico","tag-webdealta",""],"jetpack_publicize_connections":[],"jetpack_featured_media_url":"https:\/\/webdealta.info\/wp-content\/uploads\/2023\/05\/gobierno-de-guarico-webdealta-2305.png","jetpack_sharing_enabled":true,"jetpack_likes_enabled":true,"jetpack-related-posts":[],"jetpack_shortlink":"https:\/\/wp.me\/pcseDn-1Ph","_links":{"self":[{"href":"https:\/\/webdealta.info\/index.php?rest_route=\/wp\/v2\/posts\/7023","targetHints":{"allow":["GET"]}}],"collection":[{"href":"https:\/\/webdealta.info\/index.php?rest_route=\/wp\/v2\/posts"}],"about":[{"href":"https:\/\/webdealta.info\/index.php?rest_route=\/wp\/v2\/types\/post"}],"author":[{"embeddable":true,"href":"https:\/\/webdealta.info\/index.php?rest_route=\/wp\/v2\/users\/2"}],"replies":[{"embeddable":true,"href":"https:\/\/webdealta.info\/index.php?rest_route=%2Fwp%2Fv2%2Fcomments&post=7023"}],"version-history":[{"count":1,"href":"https:\/\/webdealta.info\/index.php?rest_route=\/wp\/v2\/posts\/7023\/revisions"}],"predecessor-version":[{"id":7025,"href":"https:\/\/webdealta.info\/index.php?rest_route=\/wp\/v2\/posts\/7023\/revisions\/7025"}],"wp:featuredmedia":[{"embeddable":true,"href":"https:\/\/webdealta.info\/index.php?rest_route=\/wp\/v2\/media\/7024"}],"wp:attachment":[{"href":"https:\/\/webdealta.info\/index.php?rest_route=%2Fwp%2Fv2%2Fmedia&parent=7023"}],"wp:term":[{"taxonomy":"category","embeddable":true,"href":"https:\/\/webdealta.info\/index.php?rest_route=%2Fwp%2Fv2%2Fcategories&post=7023"},{"taxonomy":"post_tag","embeddable":true,"href":"https:\/\/webdealta.info\/index.php?rest_route=%2Fwp%2Fv2%2Ftags&post=7023"}],"curies":[{"name":"wp","href":"https:\/\/api.w.org\/{rel}","templated":true}]}}