{"id":7018,"date":"2023-05-22T21:15:30","date_gmt":"2023-05-23T01:15:30","guid":{"rendered":"https:\/\/webdealta.info\/?p=7018"},"modified":"2023-05-22T21:15:31","modified_gmt":"2023-05-23T01:15:31","slug":"lideres-de-san-rafael-buscan-poner-fin-a-fallas-electricas","status":"publish","type":"post","link":"https:\/\/webdealta.info\/?p=7018","title":{"rendered":"L\u00edderes de San Rafael buscan poner fin a fallas el\u00e9ctricas"},"content":{"rendered":"\n<p>Amanda Saldivia.-<\/p>\n\n\n\n<p>Ante las prolongadas y reiteradas fallas el\u00e9ctricas que se generan en San Rafael de Orituco, algunas por lapsos de hasta 15 horas, una comisi\u00f3n de habitantes de esa parroquia del municipio Monagas, Gu\u00e1rico, acudi\u00f3 a la sede de Corpoelec en Altagracia, a los fines de buscar soluci\u00f3n a un problema que deteriora la calidad de vida.<\/p>\n\n\n\n<p>Entre ellos, estuvo Yusbelis Leal, comisionada territorial y los l\u00edderes Cleris Varguilla, Marianela \u00c1lvarez y Maykel S\u00e1nchez, quienes fueron recibidos por el ingeniero Roger Irazabal, responsable del \u00e1rea t\u00e9cnica de esa empresa.<\/p>\n\n\n\n<p>Al salir del encuentro, Cleris Varguilla, explic\u00f3 a la Web de Altagracia que entregaron una comunicaci\u00f3n donde solicitaron una \u201cinspecci\u00f3n exhaustiva de cu\u00e1l es la falla original de tantos apagones que tenemos en San Rafael, que se unen al racionamiento, en estos d\u00edas estuvimos casi 15 horas sin electricidad, la molestia de la comunidad, la molestia de uno, no poder dormir, de los ni\u00f1os, se nos da\u00f1an los alimentos\u201d.<\/p>\n\n\n\n<p>En virtud del planteamiento, explic\u00f3 Varguilla, se acord\u00f3 la inspecci\u00f3n de todo el ramal que va desde el distribuidor Manuel R\u00edos hasta esa poblaci\u00f3n. No obstante, el ingeniero Irazabal adelant\u00f3 que la falla la generan los fusibles que est\u00e1n en esa zona, los cuales deben ser sustituidos.<\/p>\n\n\n\n<p>\u201cNos dijo que tuvi\u00e9ramos un poquito m\u00e1s de paciencia, porque si est\u00e1n haciendo el trabajo, lamentablemente no cuentan con los recursos\u201d, dijo esta l\u00edder de la comunidad de San Rafael, quien agreg\u00f3 que la falta de materiales y de veh\u00edculos son los principales obst\u00e1culos, raz\u00f3n por la cual ya tienen las especificaciones t\u00e9cnicas de lo que se requiere para hacer la solicitud a trav\u00e9s de la Venapp, aplicaci\u00f3n del 1 x 10 de Buen Vivir.<\/p>\n\n\n\n<p>En las declaraciones, Cleris Varguilla mencion\u00f3 el apoyo que han recibido del alcalde Pedro Sol\u00f3rzano, con quien ha mantenido un contacto directo sobre la situaci\u00f3n que atraviesa esa parroquia del municipio Monagas, al punto de que iban a sostener una reuni\u00f3n con \u00e9l para informarle los acuerdos alcanzados con el ingeniero Irazabal, en la ma\u00f1ana de este lunes 22 de mayo.<\/p>\n\n\n\n<p>@amandasaldivia  <\/p>\n\n\n\n<p><\/p>\n","protected":false},"excerpt":{"rendered":"<p>Amanda Saldivia.- Ante las prolongadas y reiteradas fallas el\u00e9ctricas que se generan en San Rafael de Orituco, algunas por lapsos de hasta 15 horas, una comisi\u00f3n de habitantes de esa parroquia del municipio Monagas, Gu\u00e1rico, acudi\u00f3 a la sede de Corpoelec en Altagracia, a los fines de buscar soluci\u00f3n a<\/p>\n","protected":false},"author":2,"featured_media":7019,"comment_status":"open","ping_status":"open","sticky":false,"template":"","format":"standard","meta":{"advanced_seo_description":"","jetpack_seo_html_title":"","jetpack_seo_noindex":false,"_jetpack_memberships_contains_paid_content":false,"footnotes":"","jetpack_publicize_message":"","jetpack_publicize_feature_enabled":true,"jetpack_social_post_already_shared":true,"jetpack_social_options":{"image_generator_settings":{"template":"highway","enabled":false},"version":2}},"categories":[89,122,251],"tags":[8,7,32],"class_list":["post-7018","post","type-post","status-publish","format-standard","has-post-thumbnail","hentry","category-comunidad","category-electricidad","category-webdealta","tag-altagraciadeorituco","tag-guarico","tag-webdealta",""],"jetpack_publicize_connections":[],"jetpack_featured_media_url":"https:\/\/webdealta.info\/wp-content\/uploads\/2023\/05\/corpoelec-san-rafael-webdealta.png","jetpack_sharing_enabled":true,"jetpack_likes_enabled":true,"jetpack-related-posts":[],"jetpack_shortlink":"https:\/\/wp.me\/pcseDn-1Pc","_links":{"self":[{"href":"https:\/\/webdealta.info\/index.php?rest_route=\/wp\/v2\/posts\/7018","targetHints":{"allow":["GET"]}}],"collection":[{"href":"https:\/\/webdealta.info\/index.php?rest_route=\/wp\/v2\/posts"}],"about":[{"href":"https:\/\/webdealta.info\/index.php?rest_route=\/wp\/v2\/types\/post"}],"author":[{"embeddable":true,"href":"https:\/\/webdealta.info\/index.php?rest_route=\/wp\/v2\/users\/2"}],"replies":[{"embeddable":true,"href":"https:\/\/webdealta.info\/index.php?rest_route=%2Fwp%2Fv2%2Fcomments&post=7018"}],"version-history":[{"count":1,"href":"https:\/\/webdealta.info\/index.php?rest_route=\/wp\/v2\/posts\/7018\/revisions"}],"predecessor-version":[{"id":7020,"href":"https:\/\/webdealta.info\/index.php?rest_route=\/wp\/v2\/posts\/7018\/revisions\/7020"}],"wp:featuredmedia":[{"embeddable":true,"href":"https:\/\/webdealta.info\/index.php?rest_route=\/wp\/v2\/media\/7019"}],"wp:attachment":[{"href":"https:\/\/webdealta.info\/index.php?rest_route=%2Fwp%2Fv2%2Fmedia&parent=7018"}],"wp:term":[{"taxonomy":"category","embeddable":true,"href":"https:\/\/webdealta.info\/index.php?rest_route=%2Fwp%2Fv2%2Fcategories&post=7018"},{"taxonomy":"post_tag","embeddable":true,"href":"https:\/\/webdealta.info\/index.php?rest_route=%2Fwp%2Fv2%2Ftags&post=7018"}],"curies":[{"name":"wp","href":"https:\/\/api.w.org\/{rel}","templated":true}]}}