{"id":7008,"date":"2023-05-21T11:50:23","date_gmt":"2023-05-21T15:50:23","guid":{"rendered":"https:\/\/webdealta.info\/?p=7008"},"modified":"2023-05-22T09:00:41","modified_gmt":"2023-05-22T13:00:41","slug":"semana-de-racionamiento-y-fallas-electricas-predomino-en-el-orituco","status":"publish","type":"post","link":"https:\/\/webdealta.info\/?p=7008","title":{"rendered":"Semana de racionamiento y fallas el\u00e9ctricas predomin\u00f3 en el Orituco"},"content":{"rendered":"\n<p>Amanda Saldivia.-<\/p>\n\n\n\n<p>Finaliza una semana marcada por el racionamiento el\u00e9ctrico en el municipio Monagas, Gu\u00e1rico, que en algunos casos super\u00f3 las cinco horas de suspensi\u00f3n, con el agravante de que posteriormente se presentaron fallas que interrumpieron el suministro por m\u00e1s de ocho horas.<\/p>\n\n\n\n<p>Ese fue el caso de la comunidad de San Rafael de Orituco, que pertenece al circuito el\u00e9ctrico Lezama, donde se cumpli\u00f3 el racionamiento este s\u00e1bado 20 de mayo, desde las 3:40 pm hasta las 8:40 pm, pero al restablecerse el servicio qued\u00f3 en \u201cuna sola fase\u201d, luego se fue por completo y fue solventado en horas de la ma\u00f1ana de este domingo 21, es decir toda la noche sin energ\u00eda, de acuerdo a reportes de los vecinos.<\/p>\n\n\n\n<p>Una situaci\u00f3n similar se present\u00f3 en la urbanizaci\u00f3n Camoruco, donde se registr\u00f3 una falla que dej\u00f3 a parte de esa zona de Altagracia sin emerg\u00eda el\u00e9ctrica toda la noche, luego de soportar una semana de racionamiento diario, por lapsos de m\u00e1s de cuatro horas.<\/p>\n\n\n\n<p>Jenny Hern\u00e1ndez, vecina de esa comunidad, report\u00f3 este domingo \u201cdesde las tres de la madrugada hasta ahorita estuvimos sin luz, no sabemos si fue una falla en alg\u00fan cable a causa de las lluvias, la situaci\u00f3n con los servicios de electricidad y agua no est\u00e1n f\u00e1ciles\u201d.<\/p>\n\n\n\n<p>Es importante resaltar, que el personal de Corpoelec no dispone de un veh\u00edculo tipo cesta para corregir las aver\u00edas, motivo por el cual es com\u00fan verlos en motocicletas particulares con los equipos, entre ellos la p\u00e9rtiga.<\/p>\n\n\n\n<p>Tampoco tienen materiales, lo que genera que cada d\u00eda los lapsos de espera por la restituci\u00f3n del servicio sean m\u00e1s largas, a lo que se suman las altas temperaturas y ahora las lluvias, que como es conocido tambi\u00e9n afectan el deteriorado servicio el\u00e9ctrico del pa\u00eds.<\/p>\n\n\n\n<p>@amandasaldivia  <\/p>\n\n\n\n<p><\/p>\n","protected":false},"excerpt":{"rendered":"<p>Amanda Saldivia.- Finaliza una semana marcada por el racionamiento el\u00e9ctrico en el municipio Monagas, Gu\u00e1rico, que en algunos casos super\u00f3 las cinco horas de suspensi\u00f3n, con el agravante de que posteriormente se presentaron fallas que interrumpieron el suministro por m\u00e1s de ocho horas. Ese fue el caso de la comunidad<\/p>\n","protected":false},"author":2,"featured_media":5906,"comment_status":"open","ping_status":"open","sticky":false,"template":"","format":"standard","meta":{"advanced_seo_description":"","jetpack_seo_html_title":"","jetpack_seo_noindex":false,"_jetpack_memberships_contains_paid_content":false,"footnotes":"","jetpack_publicize_message":"","jetpack_publicize_feature_enabled":true,"jetpack_social_post_already_shared":true,"jetpack_social_options":{"image_generator_settings":{"template":"highway","enabled":false},"version":2}},"categories":[122,268,251],"tags":[8,7,32],"class_list":["post-7008","post","type-post","status-publish","format-standard","has-post-thumbnail","hentry","category-electricidad","category-servicios-publicos","category-webdealta","tag-altagraciadeorituco","tag-guarico","tag-webdealta",""],"jetpack_publicize_connections":[],"jetpack_featured_media_url":"https:\/\/webdealta.info\/wp-content\/uploads\/2022\/11\/subestacion-altagracia-webdealta.png","jetpack_sharing_enabled":true,"jetpack_likes_enabled":true,"jetpack-related-posts":[],"jetpack_shortlink":"https:\/\/wp.me\/pcseDn-1P2","_links":{"self":[{"href":"https:\/\/webdealta.info\/index.php?rest_route=\/wp\/v2\/posts\/7008","targetHints":{"allow":["GET"]}}],"collection":[{"href":"https:\/\/webdealta.info\/index.php?rest_route=\/wp\/v2\/posts"}],"about":[{"href":"https:\/\/webdealta.info\/index.php?rest_route=\/wp\/v2\/types\/post"}],"author":[{"embeddable":true,"href":"https:\/\/webdealta.info\/index.php?rest_route=\/wp\/v2\/users\/2"}],"replies":[{"embeddable":true,"href":"https:\/\/webdealta.info\/index.php?rest_route=%2Fwp%2Fv2%2Fcomments&post=7008"}],"version-history":[{"count":2,"href":"https:\/\/webdealta.info\/index.php?rest_route=\/wp\/v2\/posts\/7008\/revisions"}],"predecessor-version":[{"id":7015,"href":"https:\/\/webdealta.info\/index.php?rest_route=\/wp\/v2\/posts\/7008\/revisions\/7015"}],"wp:featuredmedia":[{"embeddable":true,"href":"https:\/\/webdealta.info\/index.php?rest_route=\/wp\/v2\/media\/5906"}],"wp:attachment":[{"href":"https:\/\/webdealta.info\/index.php?rest_route=%2Fwp%2Fv2%2Fmedia&parent=7008"}],"wp:term":[{"taxonomy":"category","embeddable":true,"href":"https:\/\/webdealta.info\/index.php?rest_route=%2Fwp%2Fv2%2Fcategories&post=7008"},{"taxonomy":"post_tag","embeddable":true,"href":"https:\/\/webdealta.info\/index.php?rest_route=%2Fwp%2Fv2%2Ftags&post=7008"}],"curies":[{"name":"wp","href":"https:\/\/api.w.org\/{rel}","templated":true}]}}