{"id":700,"date":"2020-11-11T09:49:09","date_gmt":"2020-11-11T13:49:09","guid":{"rendered":"https:\/\/webdealta.info\/?p=700"},"modified":"2020-11-11T09:49:13","modified_gmt":"2020-11-11T13:49:13","slug":"gobierno-autoriza-servicio-de-rutas-interurbanas","status":"publish","type":"post","link":"https:\/\/webdealta.info\/?p=700","title":{"rendered":"Gobierno autoriza servicio de rutas interurbanas"},"content":{"rendered":"\n<h4 class=\"wp-block-heading\">Podr\u00e1n circular a partir del 30 de noviembre, eso de acuerdo al comunicado emitido por Claudio Farias, viceministro de Transporte Terrestre<\/h4>\n\n\n\n<p>Amanda Saldivia<\/p>\n\n\n\n<p>A partir del lunes 30 de noviembre y con medidas espec\u00edficas vinculadas a la prevenci\u00f3n del covid-19, prestar\u00e1n servicio las l\u00edneas de transporte interurbanas, que en el caso de Altagracia de Orituco, Gu\u00e1rico, corresponden al traslado de pasajeros a Caracas, Barcelona y Maracay.<\/p>\n\n\n\n<p>La informaci\u00f3n la dio a conocer Jenny Bustamante, jefa del INTT en esta localidad, quien comparti\u00f3 el comunicado emitido por el viceministro Claudio Farias, en el cual se especifican las normativas a seguir para prestar el servicio, entre ellas la desinfecci\u00f3n de las unidades y el uso obligatorio del tapabocas.<\/p>\n\n\n\n<p>Igualmente la jefa del INTT precis\u00f3, que las unidades interurbanas tienen l\u00edmites para la ocupaci\u00f3n, de all\u00ed \u201cque si viajan con aire acondicionado deben hacerlo con el 50 por ciento de los pasajeros y si tienen ventilaci\u00f3n natural permitir\u00e1n hasta un 70 por ciento\u201d.<\/p>\n\n\n\n<p>Agreg\u00f3 que en los terminales y para todas las rutas deber\u00e1 mantenerse el control epidemiol\u00f3gico y el respeto a las tarifas establecidas. En el caso de las interurbanas ser\u00e1n publicadas pr\u00f3ximamente.<\/p>\n\n\n\n<p>@amandasaldivia<\/p>\n\n\n\n<p><\/p>\n","protected":false},"excerpt":{"rendered":"<p>Podr\u00e1n circular a partir del 30 de noviembre, eso de acuerdo al comunicado emitido por Claudio Farias, viceministro de Transporte Terrestre Amanda Saldivia A partir del lunes 30 de noviembre y con medidas espec\u00edficas vinculadas a la prevenci\u00f3n del covid-19, prestar\u00e1n servicio las l\u00edneas de transporte interurbanas, que en el<\/p>\n","protected":false},"author":2,"featured_media":701,"comment_status":"open","ping_status":"open","sticky":false,"template":"","format":"standard","meta":{"advanced_seo_description":"","jetpack_seo_html_title":"","jetpack_seo_noindex":false,"_jetpack_memberships_contains_paid_content":false,"footnotes":"","jetpack_publicize_message":"","jetpack_publicize_feature_enabled":true,"jetpack_social_post_already_shared":true,"jetpack_social_options":{"image_generator_settings":{"template":"highway","enabled":false},"version":2}},"categories":[13],"tags":[53],"class_list":["post-700","post","type-post","status-publish","format-standard","has-post-thumbnail","hentry","category-transporte","tag-transportecolectivo-rutasinterurbanas",""],"jetpack_publicize_connections":[],"jetpack_featured_media_url":"https:\/\/webdealta.info\/wp-content\/uploads\/2020\/11\/WhatsApp-Image-2020-11-11-at-9.36.51-AM.jpeg","jetpack_sharing_enabled":true,"jetpack_likes_enabled":true,"jetpack-related-posts":[],"jetpack_shortlink":"https:\/\/wp.me\/pcseDn-bi","_links":{"self":[{"href":"https:\/\/webdealta.info\/index.php?rest_route=\/wp\/v2\/posts\/700","targetHints":{"allow":["GET"]}}],"collection":[{"href":"https:\/\/webdealta.info\/index.php?rest_route=\/wp\/v2\/posts"}],"about":[{"href":"https:\/\/webdealta.info\/index.php?rest_route=\/wp\/v2\/types\/post"}],"author":[{"embeddable":true,"href":"https:\/\/webdealta.info\/index.php?rest_route=\/wp\/v2\/users\/2"}],"replies":[{"embeddable":true,"href":"https:\/\/webdealta.info\/index.php?rest_route=%2Fwp%2Fv2%2Fcomments&post=700"}],"version-history":[{"count":1,"href":"https:\/\/webdealta.info\/index.php?rest_route=\/wp\/v2\/posts\/700\/revisions"}],"predecessor-version":[{"id":702,"href":"https:\/\/webdealta.info\/index.php?rest_route=\/wp\/v2\/posts\/700\/revisions\/702"}],"wp:featuredmedia":[{"embeddable":true,"href":"https:\/\/webdealta.info\/index.php?rest_route=\/wp\/v2\/media\/701"}],"wp:attachment":[{"href":"https:\/\/webdealta.info\/index.php?rest_route=%2Fwp%2Fv2%2Fmedia&parent=700"}],"wp:term":[{"taxonomy":"category","embeddable":true,"href":"https:\/\/webdealta.info\/index.php?rest_route=%2Fwp%2Fv2%2Fcategories&post=700"},{"taxonomy":"post_tag","embeddable":true,"href":"https:\/\/webdealta.info\/index.php?rest_route=%2Fwp%2Fv2%2Ftags&post=700"}],"curies":[{"name":"wp","href":"https:\/\/api.w.org\/{rel}","templated":true}]}}