{"id":6990,"date":"2023-05-19T06:42:35","date_gmt":"2023-05-19T10:42:35","guid":{"rendered":"https:\/\/webdealta.info\/?p=6990"},"modified":"2023-05-19T06:52:40","modified_gmt":"2023-05-19T10:52:40","slug":"camaras-de-comercio-haran-tuitazo-para-denunciar-altas-tarifas-de-hidropaez","status":"publish","type":"post","link":"https:\/\/webdealta.info\/?p=6990","title":{"rendered":"C\u00e1maras de Comercio har\u00e1n tuitazo para denunciar altas tarifas de Hidrop\u00e1ez"},"content":{"rendered":"\n<p>Amanda Saldivia.-<\/p>\n\n\n\n<p>Un tuitazo, en conjunto con el resto de los gremios del estado Gu\u00e1rico, fue uno de los acuerdos alcanzados en la asamblea celebrada ayer en la sede de la C\u00e1mara de Comercio de Altagracia de Orituco, donde se abord\u00f3 el tema de las tarifas \u201carbitrarias\u201d de Hidrop\u00e1ez.<\/p>\n\n\n\n<p>La informaci\u00f3n fue dada a conocer por Pablo Rojas, presidente de la C\u00e1mara de Comercio del municipio Monagas, quien presidi\u00f3 la asamblea en compa\u00f1\u00eda de Sixto Coronil y R\u00f3mulo Laya, directivos de ese gremio.<\/p>\n\n\n\n<p>Sobre el tuitazo, Pablo Rojas se\u00f1al\u00f3 que hoy conversar\u00e1n con el resto de los directivos de las C\u00e1mara de Comercio de Gu\u00e1rico para fijar el d\u00eda y hora de esa acci\u00f3n que pretende hacer del conocimiento del \u00e1mbito nacional las altas tarifas que aplica la hidrol\u00f3gica en el estado Gu\u00e1rico, las cuales son inviables para la mayor\u00eda de los comercios.<\/p>\n\n\n\n<p>Igualmente, indic\u00f3 que realizar\u00e1n \u201cuna encuesta para indagar si el comerciante podr\u00e1 pagar en los pr\u00f3ximos meses el servicio de agua y se acompa\u00f1ar\u00e1 en el proceso de redacci\u00f3n de la comunicaci\u00f3n donde se solicitar\u00e1 a Hidrop\u00e1ez la suspensi\u00f3n ante la desproporcionada tarifa\u201d.<\/p>\n\n\n\n<p>Otra de las acciones que seguir\u00e1n, ser\u00e1 la asesor\u00eda jur\u00eddica \u201cpara analizar la posibilidad de acudir a instancia judiciales en defensa de los intereses de los agremiados y acompa\u00f1ar a los comerciantes como un acto de solidaridad al momento del corte del servicio, por no poder pagar el mismo\u201d.<\/p>\n\n\n\n<p>Por \u00faltimo, Pablo Rojas record\u00f3 que la asamblea se convoc\u00f3 en virtud de la falta de respuesta, por parte de la Hidrol\u00f3gica P\u00e1ez, la cual recibi\u00f3 una comunicaci\u00f3n del 22 de marzo de este a\u00f1o, en la cual se solicit\u00f3 una reuni\u00f3n con el presidente de esa empresa prestadora del servicio y el establecimiento de meses de trabajo para conocer bajo qu\u00e9 criterio aplican las tarifas en Altagracia de Orituco.<\/p>\n\n\n\n<p>@amandasaldivia  <\/p>\n\n\n\n<p><\/p>\n","protected":false},"excerpt":{"rendered":"<p>Amanda Saldivia.- Un tuitazo, en conjunto con el resto de los gremios del estado Gu\u00e1rico, fue uno de los acuerdos alcanzados en la asamblea celebrada ayer en la sede de la C\u00e1mara de Comercio de Altagracia de Orituco, donde se abord\u00f3 el tema de las tarifas \u201carbitrarias\u201d de Hidrop\u00e1ez. La<\/p>\n","protected":false},"author":2,"featured_media":6991,"comment_status":"open","ping_status":"open","sticky":false,"template":"","format":"standard","meta":{"advanced_seo_description":"","jetpack_seo_html_title":"","jetpack_seo_noindex":false,"_jetpack_memberships_contains_paid_content":false,"footnotes":"","jetpack_publicize_message":"","jetpack_publicize_feature_enabled":true,"jetpack_social_post_already_shared":true,"jetpack_social_options":{"image_generator_settings":{"template":"highway","enabled":false},"version":2}},"categories":[310,251],"tags":[8,7,32],"class_list":["post-6990","post","type-post","status-publish","format-standard","has-post-thumbnail","hentry","category-camara-de-comercio","category-webdealta","tag-altagraciadeorituco","tag-guarico","tag-webdealta",""],"jetpack_publicize_connections":[],"jetpack_featured_media_url":"https:\/\/webdealta.info\/wp-content\/uploads\/2023\/05\/asamblea-camara-webdealta.png","jetpack_sharing_enabled":true,"jetpack_likes_enabled":true,"jetpack-related-posts":[],"jetpack_shortlink":"https:\/\/wp.me\/pcseDn-1OK","_links":{"self":[{"href":"https:\/\/webdealta.info\/index.php?rest_route=\/wp\/v2\/posts\/6990","targetHints":{"allow":["GET"]}}],"collection":[{"href":"https:\/\/webdealta.info\/index.php?rest_route=\/wp\/v2\/posts"}],"about":[{"href":"https:\/\/webdealta.info\/index.php?rest_route=\/wp\/v2\/types\/post"}],"author":[{"embeddable":true,"href":"https:\/\/webdealta.info\/index.php?rest_route=\/wp\/v2\/users\/2"}],"replies":[{"embeddable":true,"href":"https:\/\/webdealta.info\/index.php?rest_route=%2Fwp%2Fv2%2Fcomments&post=6990"}],"version-history":[{"count":2,"href":"https:\/\/webdealta.info\/index.php?rest_route=\/wp\/v2\/posts\/6990\/revisions"}],"predecessor-version":[{"id":6994,"href":"https:\/\/webdealta.info\/index.php?rest_route=\/wp\/v2\/posts\/6990\/revisions\/6994"}],"wp:featuredmedia":[{"embeddable":true,"href":"https:\/\/webdealta.info\/index.php?rest_route=\/wp\/v2\/media\/6991"}],"wp:attachment":[{"href":"https:\/\/webdealta.info\/index.php?rest_route=%2Fwp%2Fv2%2Fmedia&parent=6990"}],"wp:term":[{"taxonomy":"category","embeddable":true,"href":"https:\/\/webdealta.info\/index.php?rest_route=%2Fwp%2Fv2%2Fcategories&post=6990"},{"taxonomy":"post_tag","embeddable":true,"href":"https:\/\/webdealta.info\/index.php?rest_route=%2Fwp%2Fv2%2Ftags&post=6990"}],"curies":[{"name":"wp","href":"https:\/\/api.w.org\/{rel}","templated":true}]}}