{"id":6952,"date":"2023-05-13T16:49:56","date_gmt":"2023-05-13T20:49:56","guid":{"rendered":"https:\/\/webdealta.info\/?p=6952"},"modified":"2023-05-13T16:49:58","modified_gmt":"2023-05-13T20:49:58","slug":"el-poder-del-conocimiento-ovni-objeto-volador-no-identificado","status":"publish","type":"post","link":"https:\/\/webdealta.info\/?p=6952","title":{"rendered":"El Poder del Conocimiento: OVNI Objeto Volador No Identificado"},"content":{"rendered":"\n<p>Amanda Saldivia.-<\/p>\n\n\n\n<p>Son comunes las personas en distintos puntos del globo terr\u00e1queo que reportan el avistamiento de naves espaciales a velocidades inusuales o con movimientos imposible de realizar con la tecnolog\u00eda disponible en la actualidad.<\/p>\n\n\n\n<p>Particularmente durante el siglo XX y lo que va del XXI, el hombre ha buscado respuestas sobre esos avistamientos y algunos con la firme creencia de que hay otras formas de vida inteligente en el Universo. Es de tal magnitud el movimiento de personas que investigan sobre el tema, que hay portales y programas especializados que buscan evidencias, recogen testimonios y argumentan que es un hecho que los terr\u00edcolas no estamos solos.<\/p>\n\n\n\n<p>De acuerdo, al portal diainternacionalde.com el t\u00e9rmino OVNI Objeto Volador No Identificado fue creado en el a\u00f1o 1953, inspirado en la Fuerza A\u00e9rea de Estados Unidos que ya utilizaba las siglas UFO para indicar la presencia de naves fuera de lo com\u00fan.<\/p>\n\n\n\n<p>El tema es controversial y siempre se acusa a las grandes potencias del mundo, entre ella a Estados Unidos, de ocultar informaci\u00f3n. Ese pa\u00eds cre\u00f3 el Programa Avanzado de Identificaci\u00f3n de Amenazas Aeroespaciales, para investigar las naves no reconocidas, eso a los fines de seguridad y defensa.<\/p>\n\n\n\n<p>Lo cierto, es que el tema permanentemente est\u00e1 en el tapete y para el a\u00f1o 2020 el Pent\u00e1gono public\u00f3 im\u00e1genes de ovnis que fueron tomadas por aviones de esa naci\u00f3n en los a\u00f1os 2004 y 2015. Declar\u00f3 oficialmente que las comparte para impedir disputas de si las mismas son reales y que para ellos \u201csigue siendo calificado de no identificados\u201d, es decir no admiten abiertamente que son de origen extraterrestre.<\/p>\n\n\n\n<p>Otro dato interesante, es que existe el D\u00eda Mundial de los Ovnis. Se celebra el 2 de julio en recordatorio el famoso incidente de Roswell, que ocurri\u00f3 en el desierto de Nuevo M\u00e9xico en el a\u00f1o 1947, fecha en la cual se afirm\u00f3 que una nave con vida extraterrestre cay\u00f3 en esa zona y fue tomada por fuerzas militares de Estado Unidos.<\/p>\n\n\n\n<p>Es posible que mientras compartimos esta historia, algunos de ustedes est\u00e1n recordando el testimonio de alg\u00fan familiar que vio un OVNI o que cree que existe otro tipo de vida inteligente en el Universo.<\/p>\n\n\n\n<p>Sin duda un tema fascinante que tambi\u00e9n lleg\u00f3 al cine y que permiti\u00f3 que disfrut\u00e1ramos de pel\u00edculas como hermosa ET, la angustiante Alien el Octavo Pasajero, la divertida Hombre de Negro y los mayorcitos seguro recordar\u00e1n la serie Mi Marciano Favorito.<\/p>\n\n\n\n<p>Ese fue el tema de la semana, en la serie de micros El Poder del Conocimiento, iniciativa de la empresa Promasorca, con la finalidad de enriquecer los saberes con historias, an\u00e9cdotas y curiosidades de la regi\u00f3n del Orituco, de Venezuela y el Mundo.<\/p>\n\n\n\n<p>@amandasaldivia  <\/p>\n\n\n\n<p><\/p>\n","protected":false},"excerpt":{"rendered":"<p>Amanda Saldivia.- Son comunes las personas en distintos puntos del globo terr\u00e1queo que reportan el avistamiento de naves espaciales a velocidades inusuales o con movimientos imposible de realizar con la tecnolog\u00eda disponible en la actualidad. Particularmente durante el siglo XX y lo que va del XXI, el hombre ha buscado<\/p>\n","protected":false},"author":2,"featured_media":6953,"comment_status":"open","ping_status":"open","sticky":false,"template":"","format":"standard","meta":{"advanced_seo_description":"","jetpack_seo_html_title":"","jetpack_seo_noindex":false,"_jetpack_memberships_contains_paid_content":false,"footnotes":"","jetpack_publicize_message":"","jetpack_publicize_feature_enabled":true,"jetpack_social_post_already_shared":true,"jetpack_social_options":{"image_generator_settings":{"template":"highway","enabled":false},"version":2}},"categories":[302,251],"tags":[8,7,32],"class_list":["post-6952","post","type-post","status-publish","format-standard","has-post-thumbnail","hentry","category-el-poder-del-conocimiento","category-webdealta","tag-altagraciadeorituco","tag-guarico","tag-webdealta",""],"jetpack_publicize_connections":[],"jetpack_featured_media_url":"https:\/\/webdealta.info\/wp-content\/uploads\/2023\/05\/onvi-webdealta.png","jetpack_sharing_enabled":true,"jetpack_likes_enabled":true,"jetpack-related-posts":[],"jetpack_shortlink":"https:\/\/wp.me\/pcseDn-1O8","_links":{"self":[{"href":"https:\/\/webdealta.info\/index.php?rest_route=\/wp\/v2\/posts\/6952","targetHints":{"allow":["GET"]}}],"collection":[{"href":"https:\/\/webdealta.info\/index.php?rest_route=\/wp\/v2\/posts"}],"about":[{"href":"https:\/\/webdealta.info\/index.php?rest_route=\/wp\/v2\/types\/post"}],"author":[{"embeddable":true,"href":"https:\/\/webdealta.info\/index.php?rest_route=\/wp\/v2\/users\/2"}],"replies":[{"embeddable":true,"href":"https:\/\/webdealta.info\/index.php?rest_route=%2Fwp%2Fv2%2Fcomments&post=6952"}],"version-history":[{"count":1,"href":"https:\/\/webdealta.info\/index.php?rest_route=\/wp\/v2\/posts\/6952\/revisions"}],"predecessor-version":[{"id":6954,"href":"https:\/\/webdealta.info\/index.php?rest_route=\/wp\/v2\/posts\/6952\/revisions\/6954"}],"wp:featuredmedia":[{"embeddable":true,"href":"https:\/\/webdealta.info\/index.php?rest_route=\/wp\/v2\/media\/6953"}],"wp:attachment":[{"href":"https:\/\/webdealta.info\/index.php?rest_route=%2Fwp%2Fv2%2Fmedia&parent=6952"}],"wp:term":[{"taxonomy":"category","embeddable":true,"href":"https:\/\/webdealta.info\/index.php?rest_route=%2Fwp%2Fv2%2Fcategories&post=6952"},{"taxonomy":"post_tag","embeddable":true,"href":"https:\/\/webdealta.info\/index.php?rest_route=%2Fwp%2Fv2%2Ftags&post=6952"}],"curies":[{"name":"wp","href":"https:\/\/api.w.org\/{rel}","templated":true}]}}