{"id":6943,"date":"2023-05-11T22:43:55","date_gmt":"2023-05-12T02:43:55","guid":{"rendered":"https:\/\/webdealta.info\/?p=6943"},"modified":"2023-05-11T22:43:56","modified_gmt":"2023-05-12T02:43:56","slug":"servicio-de-aseo-urbano-es-cobrado-por-fiscales-ecologicos","status":"publish","type":"post","link":"https:\/\/webdealta.info\/?p=6943","title":{"rendered":"Servicio de aseo urbano es cobrado por fiscales ecol\u00f3gicos"},"content":{"rendered":"\n<p>Amanda Saldivia.-<\/p>\n\n\n\n<p>Luego varias semanas de paralizaci\u00f3n del servicio de aseo urbano en las comunidades, la alcald\u00eda del municipio Monagas anunci\u00f3 la puesta en marcha de un plan de recolecci\u00f3n de desechos s\u00f3lidos, mediante el cual \u201cfiscales ecol\u00f3gicos\u201d nombrados en asambleas de ciudadanos, ser\u00e1n los encargados de cobrar 30 bol\u00edvares por el servicio mensual, a cada una de las residencias, dinero que consignar\u00e1n en Hacienda Municipal.<\/p>\n\n\n\n<p>Una vez realizado el cobro, coordinan con Servicios P\u00fablicos la recolecci\u00f3n de los desechos, direcci\u00f3n que contrat\u00f3 camiones tipo volteo, porque el ente municipal no cuenta con flota propia, ni con el recurso humano para efectuar el cobro de ese servicio a nivel domiciliario.<\/p>\n\n\n\n<p>Alexis Barahona, director de Servicios P\u00fablicos, acompa\u00f1ado por Wilman Infante, comisionado de Gesti\u00f3n Interna, dieron a conocer el plan, en el programa Tiempo de Cambios de este jueves 11 de mayo, en el cual precisaron que comenzaron el pasado lunes y que hasta el momento hay 29 comunidades que han efectuado el pago del servicio y se han atendido a 16.<\/p>\n\n\n\n<p>Referente a la periodicidad, dijeron que ser\u00e1 cuatro veces al mes y que con el pago de 30 bol\u00edvares por vivienda, cancelar\u00e1n al cami\u00f3n que cobra entre 100 a 150 d\u00f3lares diarios, adem\u00e1s de que quedar\u00e1 un peque\u00f1o monto para la alcald\u00eda, la cual utilizar\u00e1n en la dotaci\u00f3n que requiere el personal del aseo urbano, al cual les entregar\u00e1n botas, guantes y uniformes.<\/p>\n\n\n\n<p>Aunque la figura expl\u00edcita de los \u201cfiscales ecol\u00f3gicos\u201d no aparece reflejada en la ordenanza de aseo urbano vigente, dijeron que est\u00e1 en concordancia con el marco legal, desde la Constituci\u00f3n e instrumentos del Poder Popular, entre ellas la Ley Org\u00e1nica para la Gesti\u00f3n Comunitaria de Competencias, Servicios y otras atribuciones.<\/p>\n\n\n\n<p>Igualmente, dejaron claro que quien quiera pagar el servicio directamente en Hacienda Municipal puede hacerlo, porque lo importante es la recaudaci\u00f3n que permita viabilizar el servicio, aunque no descartaron que en alg\u00fan momento puedan conseguir camiones compactadores asignados por el gobierno nacional, gestiones que adelanta el alcalde Pedro Sol\u00f3rzano.<\/p>\n\n\n\n<p>Sobre al resto de las comunidades que todav\u00eda no se han organizado, indicaron que el pr\u00f3ximo lunes comienza el eje uno, adem\u00e1s de continuar con la realizaci\u00f3n de asamblea para la elecci\u00f3n de los \u201cfiscales ecol\u00f3gicos\u201d, que reconocieron en su mayor\u00eda son los mismos l\u00edderes de calle o l\u00edderes pol\u00edticos, es decir la estructura del Clap que dependen del PSUV.<\/p>\n\n\n\n<p>Como era de esperarse, hubo cr\u00edticas al planteamiento de los funcionarios de la alcald\u00eda, porque algunos vecinos consideran que el salario m\u00ednimo se va en 35 la bolsa, 60 el gas y ahora 30 el aseo urbano; mientras otros recuerdan el servicio que antes se prestaba dos veces por semana con flota propia e inclusive con el pago del aseo en la factura de electricidad.<\/p>\n\n\n\n<p>Ante el planteamiento de los recursos limitados para algunas familias, dijeron que est\u00e1 en proceso el censo y que ser\u00e1n exonerados del servicio quienes no puedan pagar por \u00e9l.<\/p>\n\n\n\n<p>@amandasaldivia  <\/p>\n\n\n\n<p><\/p>\n","protected":false},"excerpt":{"rendered":"<p>Amanda Saldivia.- Luego varias semanas de paralizaci\u00f3n del servicio de aseo urbano en las comunidades, la alcald\u00eda del municipio Monagas anunci\u00f3 la puesta en marcha de un plan de recolecci\u00f3n de desechos s\u00f3lidos, mediante el cual \u201cfiscales ecol\u00f3gicos\u201d nombrados en asambleas de ciudadanos, ser\u00e1n los encargados de cobrar 30 bol\u00edvares<\/p>\n","protected":false},"author":2,"featured_media":6944,"comment_status":"open","ping_status":"open","sticky":false,"template":"","format":"standard","meta":{"advanced_seo_description":"","jetpack_seo_html_title":"","jetpack_seo_noindex":false,"_jetpack_memberships_contains_paid_content":false,"footnotes":"","jetpack_publicize_message":"","jetpack_publicize_feature_enabled":true,"jetpack_social_post_already_shared":true,"jetpack_social_options":{"image_generator_settings":{"template":"highway","enabled":false},"version":2}},"categories":[335,251],"tags":[8,7,32],"class_list":["post-6943","post","type-post","status-publish","format-standard","has-post-thumbnail","hentry","category-locales","category-webdealta","tag-altagraciadeorituco","tag-guarico","tag-webdealta",""],"jetpack_publicize_connections":[],"jetpack_featured_media_url":"https:\/\/webdealta.info\/wp-content\/uploads\/2023\/05\/webdealta-uno-10.jpg","jetpack_sharing_enabled":true,"jetpack_likes_enabled":true,"jetpack-related-posts":[],"jetpack_shortlink":"https:\/\/wp.me\/pcseDn-1NZ","_links":{"self":[{"href":"https:\/\/webdealta.info\/index.php?rest_route=\/wp\/v2\/posts\/6943","targetHints":{"allow":["GET"]}}],"collection":[{"href":"https:\/\/webdealta.info\/index.php?rest_route=\/wp\/v2\/posts"}],"about":[{"href":"https:\/\/webdealta.info\/index.php?rest_route=\/wp\/v2\/types\/post"}],"author":[{"embeddable":true,"href":"https:\/\/webdealta.info\/index.php?rest_route=\/wp\/v2\/users\/2"}],"replies":[{"embeddable":true,"href":"https:\/\/webdealta.info\/index.php?rest_route=%2Fwp%2Fv2%2Fcomments&post=6943"}],"version-history":[{"count":1,"href":"https:\/\/webdealta.info\/index.php?rest_route=\/wp\/v2\/posts\/6943\/revisions"}],"predecessor-version":[{"id":6945,"href":"https:\/\/webdealta.info\/index.php?rest_route=\/wp\/v2\/posts\/6943\/revisions\/6945"}],"wp:featuredmedia":[{"embeddable":true,"href":"https:\/\/webdealta.info\/index.php?rest_route=\/wp\/v2\/media\/6944"}],"wp:attachment":[{"href":"https:\/\/webdealta.info\/index.php?rest_route=%2Fwp%2Fv2%2Fmedia&parent=6943"}],"wp:term":[{"taxonomy":"category","embeddable":true,"href":"https:\/\/webdealta.info\/index.php?rest_route=%2Fwp%2Fv2%2Fcategories&post=6943"},{"taxonomy":"post_tag","embeddable":true,"href":"https:\/\/webdealta.info\/index.php?rest_route=%2Fwp%2Fv2%2Ftags&post=6943"}],"curies":[{"name":"wp","href":"https:\/\/api.w.org\/{rel}","templated":true}]}}