{"id":694,"date":"2020-11-11T09:09:28","date_gmt":"2020-11-11T13:09:28","guid":{"rendered":"https:\/\/webdealta.info\/?p=694"},"modified":"2020-11-11T09:10:24","modified_gmt":"2020-11-11T13:10:24","slug":"perdida-en-cosechas-por-crecida-de-quebrada","status":"publish","type":"post","link":"https:\/\/webdealta.info\/?p=694","title":{"rendered":"P\u00e9rdida de cosechas por crecida de quebrada"},"content":{"rendered":"\n<h4 class=\"wp-block-heading\">La quebrada Uverito, rumbo a Paso Real de Macaira, se desbord\u00f3 y caus\u00f3 da\u00f1os a cultivos<\/h4>\n\n\n\n<p>Amanda Saldivia<\/p>\n\n\n\n<figure class=\"wp-block-image size-large\"><img decoding=\"async\" src=\"https:\/\/webdealta.info\/wp-content\/uploads\/2020\/11\/WhatsApp-Image-2020-11-11-at-8.17.37-AM-1024x546.jpeg\" alt=\"\" class=\"wp-image-695\"\/><figcaption>Cultivo de frijol arrasado por las aguas. Foto cortes\u00eda productor Miguel Blanquez<\/figcaption><\/figure>\n\n\n\n<p>La crecida de la quebrada Uverito, v\u00eda Paso Real de Macaira, ocasion\u00f3 p\u00e9rdidas en cultivos de aj\u00ed, frijol y otros rubros, eso de acuerdo al reporte del productor Miguel Blanquez, uno de los afectados por el desbordamiento de las aguas.<\/p>\n\n\n\n<p>En fotograf\u00edas enviadas a este medio, mostr\u00f3 el efecto sobre los cultivos y se\u00f1al\u00f3 que nunca esa quebrada se hab\u00eda desviado de esa manera, aunque ha registrado al menos seis crecidas en los que va del a\u00f1o 2020.<\/p>\n\n\n\n<p>Igualmente se\u00f1al\u00f3 que hubo deterior\u00f3 de la vialidad hacia Paso Real, zona del municipio Monagas que tambi\u00e9n report\u00f3 la crecida del r\u00edo, con las consecuencias de anegaciones en sectores y en las fincas.<\/p>\n\n\n\n<p>@amandasaldivia<\/p>\n","protected":false},"excerpt":{"rendered":"<p>La quebrada Uverito, rumbo a Paso Real de Macaira, se desbord\u00f3 y caus\u00f3 da\u00f1os a cultivos Amanda Saldivia La crecida de la quebrada Uverito, v\u00eda Paso Real de Macaira, ocasion\u00f3 p\u00e9rdidas en cultivos de aj\u00ed, frijol y otros rubros, eso de acuerdo al reporte del productor Miguel Blanquez, uno de<\/p>\n","protected":false},"author":2,"featured_media":696,"comment_status":"open","ping_status":"open","sticky":false,"template":"","format":"standard","meta":{"advanced_seo_description":"","jetpack_seo_html_title":"","jetpack_seo_noindex":false,"_jetpack_memberships_contains_paid_content":false,"footnotes":"","jetpack_publicize_message":"","jetpack_publicize_feature_enabled":true,"jetpack_social_post_already_shared":true,"jetpack_social_options":{"image_generator_settings":{"template":"highway","enabled":false},"version":2}},"categories":[19],"tags":[24,32],"class_list":["post-694","post","type-post","status-publish","format-standard","has-post-thumbnail","hentry","category-agro","tag-altagracia","tag-webdealta",""],"jetpack_publicize_connections":[],"jetpack_featured_media_url":"https:\/\/webdealta.info\/wp-content\/uploads\/2020\/11\/WhatsApp-Image-2020-11-11-at-8.31.46-AM-1.jpeg","jetpack_sharing_enabled":true,"jetpack_likes_enabled":true,"jetpack-related-posts":[],"jetpack_shortlink":"https:\/\/wp.me\/pcseDn-bc","_links":{"self":[{"href":"https:\/\/webdealta.info\/index.php?rest_route=\/wp\/v2\/posts\/694","targetHints":{"allow":["GET"]}}],"collection":[{"href":"https:\/\/webdealta.info\/index.php?rest_route=\/wp\/v2\/posts"}],"about":[{"href":"https:\/\/webdealta.info\/index.php?rest_route=\/wp\/v2\/types\/post"}],"author":[{"embeddable":true,"href":"https:\/\/webdealta.info\/index.php?rest_route=\/wp\/v2\/users\/2"}],"replies":[{"embeddable":true,"href":"https:\/\/webdealta.info\/index.php?rest_route=%2Fwp%2Fv2%2Fcomments&post=694"}],"version-history":[{"count":2,"href":"https:\/\/webdealta.info\/index.php?rest_route=\/wp\/v2\/posts\/694\/revisions"}],"predecessor-version":[{"id":698,"href":"https:\/\/webdealta.info\/index.php?rest_route=\/wp\/v2\/posts\/694\/revisions\/698"}],"wp:featuredmedia":[{"embeddable":true,"href":"https:\/\/webdealta.info\/index.php?rest_route=\/wp\/v2\/media\/696"}],"wp:attachment":[{"href":"https:\/\/webdealta.info\/index.php?rest_route=%2Fwp%2Fv2%2Fmedia&parent=694"}],"wp:term":[{"taxonomy":"category","embeddable":true,"href":"https:\/\/webdealta.info\/index.php?rest_route=%2Fwp%2Fv2%2Fcategories&post=694"},{"taxonomy":"post_tag","embeddable":true,"href":"https:\/\/webdealta.info\/index.php?rest_route=%2Fwp%2Fv2%2Ftags&post=694"}],"curies":[{"name":"wp","href":"https:\/\/api.w.org\/{rel}","templated":true}]}}