{"id":6936,"date":"2023-05-10T21:38:02","date_gmt":"2023-05-11T01:38:02","guid":{"rendered":"https:\/\/webdealta.info\/?p=6936"},"modified":"2023-05-10T21:38:03","modified_gmt":"2023-05-11T01:38:03","slug":"monitorean-solicitudes-del-poder-popular-para-dar-soluciones","status":"publish","type":"post","link":"https:\/\/webdealta.info\/?p=6936","title":{"rendered":"Monitorean solicitudes del Poder Popular para dar soluciones"},"content":{"rendered":"\n<p>Sibci Gu\u00e1rico.-<\/p>\n\n\n\n<p>El gobernador Jos\u00e9 V\u00e1squez, en una reciente jornada de trabajo realizada en Calabozo, se\u00f1al\u00f3 que analizan las estad\u00edsticas reportadas desde la Sala Situacional del 1&#215;10 del Buen Gobierno, a los fines del monitoreo permanente de las alertas, solicitudes y respuestas al Poder Popular.<\/p>\n\n\n\n<p>Para el mandatario regional es una acci\u00f3n de corresponsabilidad a fin de alcanzar soluciones efectivas en cada una de las \u00e1reas, de all\u00ed que el encuentro celebrado, junto a su equipo de trabajo, fue para evaluar el plan de acci\u00f3n y el avance del 1\u00d710 del Buen Gobierno en todo el territorio llanero.<\/p>\n\n\n\n<p>V\u00e1squez, destac\u00f3 que el objetivo es brindar respuesta oportuna e inmediata al pueblo, para lo cual, est\u00e1n desplegados en contacto permanente con las comunidades. Mientras que agreg\u00f3 que han realizado mesas de trabajo y asambleas en las propias comunidades para seguir consolidando la articulaci\u00f3n entre pueblo y gobierno, armando el mapa de soluciones a las problem\u00e1ticas de cada sector, ofreciendo respuestas reales y efectivas.<\/p>\n\n\n\n<p><strong>Control y seguimiento<\/strong><\/p>\n\n\n\n<p>En el mismo contexto, el mandatario regional, detall\u00f3 que est\u00e1n realizando el control y seguimiento al Estado Mayor de Riesgo en todos los municipios del estado Gu\u00e1rico, \u00abm\u00e1xima coordinaci\u00f3n y apoyo para atender cualquier contingencia, seguimos alerta ante la llegada de las lluvias\u00bb, afirm\u00f3.<\/p>\n\n\n\n<p>Asimismo, explic\u00f3 que el plan est\u00e1 constituido por seis estrategias principales, orientadas a la mitigaci\u00f3n de afectaciones ante la llegada de la temporada de lluvias.  <\/p>\n\n\n\n<p>Fotos cortes\u00eda Sibci Gu\u00e1rico<\/p>\n\n\n\n<p><\/p>\n","protected":false},"excerpt":{"rendered":"<p>Sibci Gu\u00e1rico.- El gobernador Jos\u00e9 V\u00e1squez, en una reciente jornada de trabajo realizada en Calabozo, se\u00f1al\u00f3 que analizan las estad\u00edsticas reportadas desde la Sala Situacional del 1&#215;10 del Buen Gobierno, a los fines del monitoreo permanente de las alertas, solicitudes y respuestas al Poder Popular. Para el mandatario regional es<\/p>\n","protected":false},"author":2,"featured_media":6937,"comment_status":"open","ping_status":"open","sticky":false,"template":"","format":"standard","meta":{"advanced_seo_description":"","jetpack_seo_html_title":"","jetpack_seo_noindex":false,"_jetpack_memberships_contains_paid_content":false,"footnotes":"","jetpack_publicize_message":"","jetpack_publicize_feature_enabled":true,"jetpack_social_post_already_shared":true,"jetpack_social_options":{"image_generator_settings":{"template":"highway","enabled":false},"version":2}},"categories":[284,66,251],"tags":[8,7,32],"class_list":["post-6936","post","type-post","status-publish","format-standard","has-post-thumbnail","hentry","category-gobierno-de-guarico","category-regionales","category-webdealta","tag-altagraciadeorituco","tag-guarico","tag-webdealta",""],"jetpack_publicize_connections":[],"jetpack_featured_media_url":"https:\/\/webdealta.info\/wp-content\/uploads\/2023\/05\/calabozo-webdealta-gobernacion-de-guarico.png","jetpack_sharing_enabled":true,"jetpack_likes_enabled":true,"jetpack-related-posts":[],"jetpack_shortlink":"https:\/\/wp.me\/pcseDn-1NS","_links":{"self":[{"href":"https:\/\/webdealta.info\/index.php?rest_route=\/wp\/v2\/posts\/6936","targetHints":{"allow":["GET"]}}],"collection":[{"href":"https:\/\/webdealta.info\/index.php?rest_route=\/wp\/v2\/posts"}],"about":[{"href":"https:\/\/webdealta.info\/index.php?rest_route=\/wp\/v2\/types\/post"}],"author":[{"embeddable":true,"href":"https:\/\/webdealta.info\/index.php?rest_route=\/wp\/v2\/users\/2"}],"replies":[{"embeddable":true,"href":"https:\/\/webdealta.info\/index.php?rest_route=%2Fwp%2Fv2%2Fcomments&post=6936"}],"version-history":[{"count":1,"href":"https:\/\/webdealta.info\/index.php?rest_route=\/wp\/v2\/posts\/6936\/revisions"}],"predecessor-version":[{"id":6938,"href":"https:\/\/webdealta.info\/index.php?rest_route=\/wp\/v2\/posts\/6936\/revisions\/6938"}],"wp:featuredmedia":[{"embeddable":true,"href":"https:\/\/webdealta.info\/index.php?rest_route=\/wp\/v2\/media\/6937"}],"wp:attachment":[{"href":"https:\/\/webdealta.info\/index.php?rest_route=%2Fwp%2Fv2%2Fmedia&parent=6936"}],"wp:term":[{"taxonomy":"category","embeddable":true,"href":"https:\/\/webdealta.info\/index.php?rest_route=%2Fwp%2Fv2%2Fcategories&post=6936"},{"taxonomy":"post_tag","embeddable":true,"href":"https:\/\/webdealta.info\/index.php?rest_route=%2Fwp%2Fv2%2Ftags&post=6936"}],"curies":[{"name":"wp","href":"https:\/\/api.w.org\/{rel}","templated":true}]}}