{"id":6925,"date":"2023-05-09T21:21:21","date_gmt":"2023-05-10T01:21:21","guid":{"rendered":"https:\/\/webdealta.info\/?p=6925"},"modified":"2023-05-09T21:21:23","modified_gmt":"2023-05-10T01:21:23","slug":"jovenes-se-forman-en-la-escuela-nacional-de-poesia-juan-calzadilla","status":"publish","type":"post","link":"https:\/\/webdealta.info\/?p=6925","title":{"rendered":"J\u00f3venes se forman en la Escuela Nacional de Poes\u00eda Juan Calzadilla"},"content":{"rendered":"\n<p>Amanda Saldivia.-<\/p>\n\n\n\n<p>En la EBB Luisa Rojas de Gonz\u00e1lez se instal\u00f3 la Escuela Nacional de Poes\u00eda Juan Calzadilla, dedicada a la formaci\u00f3n de 25 estudiantes de bachillerato con miras a que participen en el Festival Mundial de Poes\u00eda, que se celebrar\u00e1 en el pa\u00eds el venidero mes de junio.<\/p>\n\n\n\n<p>La informaci\u00f3n fue suministrada, este martes 9 de mayo, por la profesora Carmen Hern\u00e1ndez, responsable de la reci\u00e9n creada Escuela, quien fue invitada al programa Tiempo de Cambios que conduce la redactora de esta nota de prensa en la emisora Activa 104.9 FM de Altagracia de Orituco.<\/p>\n\n\n\n<p>Para esa destacada docente, autora de dos poemarios e integrante de la agrupaci\u00f3n Oritucuentos, es una oportunidad que tienen los estudiantes de bachillerato de conocer el origen de la poes\u00eda y sobre todo adentrarse en el maravilloso mundo de la creaci\u00f3n de esas composiciones sublimes que caracteriza a este g\u00e9nero literario.<\/p>\n\n\n\n<p>Igualmente, resalt\u00f3 el hecho de que la Escuela Nacional de Poes\u00eda, presente en todas las entidades del pa\u00eds, tenga como ep\u00f3nimo al poeta y artista pl\u00e1stico Juan Calzadilla, oriundo de esta \u201ctierra de gracia\u201d.<\/p>\n\n\n\n<p>Entre las activades previstas a desarrollar, como cierre de la formaci\u00f3n, est\u00e1 la presentaci\u00f3n de los poemas redactados por el grupo estudiantes y el encuentro que sostendr\u00e1n estos con un reconocido poeta for\u00e1neo, en el marco del Festival Mundial de Poes\u00eda.<\/p>\n\n\n\n<p>@amandasaldivia  <\/p>\n\n\n\n<p><\/p>\n","protected":false},"excerpt":{"rendered":"<p>Amanda Saldivia.- En la EBB Luisa Rojas de Gonz\u00e1lez se instal\u00f3 la Escuela Nacional de Poes\u00eda Juan Calzadilla, dedicada a la formaci\u00f3n de 25 estudiantes de bachillerato con miras a que participen en el Festival Mundial de Poes\u00eda, que se celebrar\u00e1 en el pa\u00eds el venidero mes de junio. La<\/p>\n","protected":false},"author":2,"featured_media":6926,"comment_status":"open","ping_status":"open","sticky":false,"template":"","format":"standard","meta":{"advanced_seo_description":"","jetpack_seo_html_title":"","jetpack_seo_noindex":false,"_jetpack_memberships_contains_paid_content":false,"footnotes":"","jetpack_publicize_message":"","jetpack_publicize_feature_enabled":true,"jetpack_social_post_already_shared":true,"jetpack_social_options":{"image_generator_settings":{"template":"highway","enabled":false},"version":2}},"categories":[151,251],"tags":[8,7,32],"class_list":["post-6925","post","type-post","status-publish","format-standard","has-post-thumbnail","hentry","category-educacion","category-webdealta","tag-altagraciadeorituco","tag-guarico","tag-webdealta",""],"jetpack_publicize_connections":[],"jetpack_featured_media_url":"https:\/\/webdealta.info\/wp-content\/uploads\/2023\/05\/redactar-webdealta.png","jetpack_sharing_enabled":true,"jetpack_likes_enabled":true,"jetpack-related-posts":[],"jetpack_shortlink":"https:\/\/wp.me\/pcseDn-1NH","_links":{"self":[{"href":"https:\/\/webdealta.info\/index.php?rest_route=\/wp\/v2\/posts\/6925","targetHints":{"allow":["GET"]}}],"collection":[{"href":"https:\/\/webdealta.info\/index.php?rest_route=\/wp\/v2\/posts"}],"about":[{"href":"https:\/\/webdealta.info\/index.php?rest_route=\/wp\/v2\/types\/post"}],"author":[{"embeddable":true,"href":"https:\/\/webdealta.info\/index.php?rest_route=\/wp\/v2\/users\/2"}],"replies":[{"embeddable":true,"href":"https:\/\/webdealta.info\/index.php?rest_route=%2Fwp%2Fv2%2Fcomments&post=6925"}],"version-history":[{"count":1,"href":"https:\/\/webdealta.info\/index.php?rest_route=\/wp\/v2\/posts\/6925\/revisions"}],"predecessor-version":[{"id":6927,"href":"https:\/\/webdealta.info\/index.php?rest_route=\/wp\/v2\/posts\/6925\/revisions\/6927"}],"wp:featuredmedia":[{"embeddable":true,"href":"https:\/\/webdealta.info\/index.php?rest_route=\/wp\/v2\/media\/6926"}],"wp:attachment":[{"href":"https:\/\/webdealta.info\/index.php?rest_route=%2Fwp%2Fv2%2Fmedia&parent=6925"}],"wp:term":[{"taxonomy":"category","embeddable":true,"href":"https:\/\/webdealta.info\/index.php?rest_route=%2Fwp%2Fv2%2Fcategories&post=6925"},{"taxonomy":"post_tag","embeddable":true,"href":"https:\/\/webdealta.info\/index.php?rest_route=%2Fwp%2Fv2%2Ftags&post=6925"}],"curies":[{"name":"wp","href":"https:\/\/api.w.org\/{rel}","templated":true}]}}