{"id":6920,"date":"2023-05-09T20:32:30","date_gmt":"2023-05-10T00:32:30","guid":{"rendered":"https:\/\/webdealta.info\/?p=6920"},"modified":"2023-05-09T20:32:31","modified_gmt":"2023-05-10T00:32:31","slug":"no-le-cumplieron-a-los-buhoneros-reubicados-en-el-mercado-municipal","status":"publish","type":"post","link":"https:\/\/webdealta.info\/?p=6920","title":{"rendered":"No le cumplieron a los buhoneros reubicados en el Mercado Municipal"},"content":{"rendered":"\n<p>Amanda Saldivia.-<\/p>\n\n\n\n<p>Decepcionados por las promesas incumplidas, dicen estar algunos buhoneros que fueron sacados de la calle Ilustres Pr\u00f3ceres en el mes de febrero de este a\u00f1o y reubicados a las afueras de lo que fue el mercado municipal de Altagracia de Orituco.<\/p>\n\n\n\n<p>Karla Carranza, una de las voceras del grupo de comerciantes informales, dijo que funcionarios de la alcald\u00eda del municipio Monagas les ofrecieron cr\u00e9ditos, acceso al interior de la edificaci\u00f3n del antiguo mercado para dejar mercanc\u00eda y hasta promoci\u00f3n para que m\u00e1s compradores visitaran la zona, pero nada de eso se cumpli\u00f3, \u00abnos dejaron solos\u00bb.<\/p>\n\n\n\n<p>La denuncia la formul\u00f3 en el programa Tiempo de Cambios de este martes nueve de mayo, espacio que se transmite por la emisora Activa 104.9 FM, donde argument\u00f3 que mientras a ellos les mermaron las ventas, otros retomaron nuevamente la calle Ilustres Pr\u00f3ceres por ser la de m\u00e1s circulaci\u00f3n de consumidores.<\/p>\n\n\n\n<p>Para finalizar, se\u00f1al\u00f3 que dan plazo hasta el pr\u00f3ximo viernes 12 de mayo para que la alcald\u00eda les de respuesta, porque de lo contrario regresar\u00e1n a la Ilustres Pr\u00f3ceres.<\/p>\n\n\n\n<p>@amandasaldivia  <\/p>\n\n\n\n<p><\/p>\n","protected":false},"excerpt":{"rendered":"<p>Amanda Saldivia.- Decepcionados por las promesas incumplidas, dicen estar algunos buhoneros que fueron sacados de la calle Ilustres Pr\u00f3ceres en el mes de febrero de este a\u00f1o y reubicados a las afueras de lo que fue el mercado municipal de Altagracia de Orituco. Karla Carranza, una de las voceras del<\/p>\n","protected":false},"author":2,"featured_media":6921,"comment_status":"open","ping_status":"open","sticky":false,"template":"","format":"standard","meta":{"advanced_seo_description":"","jetpack_seo_html_title":"","jetpack_seo_noindex":false,"_jetpack_memberships_contains_paid_content":false,"footnotes":"","jetpack_publicize_message":"","jetpack_publicize_feature_enabled":true,"jetpack_social_post_already_shared":true,"jetpack_social_options":{"image_generator_settings":{"template":"highway","enabled":false},"version":2}},"categories":[197,251],"tags":[8,7,32],"class_list":["post-6920","post","type-post","status-publish","format-standard","has-post-thumbnail","hentry","category-denuncia","category-webdealta","tag-altagraciadeorituco","tag-guarico","tag-webdealta",""],"jetpack_publicize_connections":[],"jetpack_featured_media_url":"https:\/\/webdealta.info\/wp-content\/uploads\/2023\/05\/karla-carranza-webdealta.png","jetpack_sharing_enabled":true,"jetpack_likes_enabled":true,"jetpack-related-posts":[],"jetpack_shortlink":"https:\/\/wp.me\/pcseDn-1NC","_links":{"self":[{"href":"https:\/\/webdealta.info\/index.php?rest_route=\/wp\/v2\/posts\/6920","targetHints":{"allow":["GET"]}}],"collection":[{"href":"https:\/\/webdealta.info\/index.php?rest_route=\/wp\/v2\/posts"}],"about":[{"href":"https:\/\/webdealta.info\/index.php?rest_route=\/wp\/v2\/types\/post"}],"author":[{"embeddable":true,"href":"https:\/\/webdealta.info\/index.php?rest_route=\/wp\/v2\/users\/2"}],"replies":[{"embeddable":true,"href":"https:\/\/webdealta.info\/index.php?rest_route=%2Fwp%2Fv2%2Fcomments&post=6920"}],"version-history":[{"count":1,"href":"https:\/\/webdealta.info\/index.php?rest_route=\/wp\/v2\/posts\/6920\/revisions"}],"predecessor-version":[{"id":6922,"href":"https:\/\/webdealta.info\/index.php?rest_route=\/wp\/v2\/posts\/6920\/revisions\/6922"}],"wp:featuredmedia":[{"embeddable":true,"href":"https:\/\/webdealta.info\/index.php?rest_route=\/wp\/v2\/media\/6921"}],"wp:attachment":[{"href":"https:\/\/webdealta.info\/index.php?rest_route=%2Fwp%2Fv2%2Fmedia&parent=6920"}],"wp:term":[{"taxonomy":"category","embeddable":true,"href":"https:\/\/webdealta.info\/index.php?rest_route=%2Fwp%2Fv2%2Fcategories&post=6920"},{"taxonomy":"post_tag","embeddable":true,"href":"https:\/\/webdealta.info\/index.php?rest_route=%2Fwp%2Fv2%2Ftags&post=6920"}],"curies":[{"name":"wp","href":"https:\/\/api.w.org\/{rel}","templated":true}]}}