{"id":6900,"date":"2023-05-09T06:30:55","date_gmt":"2023-05-09T10:30:55","guid":{"rendered":"https:\/\/webdealta.info\/?p=6900"},"modified":"2023-05-09T06:30:56","modified_gmt":"2023-05-09T10:30:56","slug":"semana-de-actividades-para-celebrar-el-dia-de-la-enfermera","status":"publish","type":"post","link":"https:\/\/webdealta.info\/?p=6900","title":{"rendered":"Semana de actividades para celebrar el D\u00eda de la Enfermera"},"content":{"rendered":"\n<p>Amanda Saldivia.-<\/p>\n\n\n\n<p>Como parte de la celebraci\u00f3n del D\u00eda Internacional de la Enfermera se realiz\u00f3, este lunes 8 de mayo, una caminata en Altagracia de Orituco, la cual parti\u00f3 desde el sector Saladillo hasta el hospital Dr. Jos\u00e9 Francisco Torrealba, actividad que culmin\u00f3 en la sala de conferencias de ese centro asistencial con un encuentro con el padre Santiago.<\/p>\n\n\n\n<p>De acuerdo al programa suministrado por el departamento de enfermer\u00eda, el cual est\u00e1 a cargo de las actividades que se seguir\u00e1n durante la semana, el pr\u00f3ximo jueves 11 de mayo habr\u00e1 una jornada integral en el CDI Dr. Ricardo Isidro Bernal Ramos, a partir de las 7:30 am.<\/p>\n\n\n\n<p>Para el viernes 12 de mayo, D\u00eda Internacional de la Enfermera, se realizar\u00e1 una misa de Acci\u00f3n de Gracias en el hospital a las 10:00 am y posteriormente entrega de reconocimientos.<\/p>\n\n\n\n<p>@amandasaldivia &nbsp;<\/p>\n\n\n\n<p><\/p>\n","protected":false},"excerpt":{"rendered":"<p>Amanda Saldivia.- Como parte de la celebraci\u00f3n del D\u00eda Internacional de la Enfermera se realiz\u00f3, este lunes 8 de mayo, una caminata en Altagracia de Orituco, la cual parti\u00f3 desde el sector Saladillo hasta el hospital Dr. Jos\u00e9 Francisco Torrealba, actividad que culmin\u00f3 en la sala de conferencias de ese<\/p>\n","protected":false},"author":2,"featured_media":6901,"comment_status":"open","ping_status":"open","sticky":false,"template":"","format":"standard","meta":{"advanced_seo_description":"","jetpack_seo_html_title":"","jetpack_seo_noindex":false,"_jetpack_memberships_contains_paid_content":false,"footnotes":"","jetpack_publicize_message":"","jetpack_publicize_feature_enabled":true,"jetpack_social_post_already_shared":true,"jetpack_social_options":{"image_generator_settings":{"template":"highway","enabled":false},"version":2}},"categories":[117,251],"tags":[8,7,32],"class_list":["post-6900","post","type-post","status-publish","format-standard","has-post-thumbnail","hentry","category-celebracion","category-webdealta","tag-altagraciadeorituco","tag-guarico","tag-webdealta",""],"jetpack_publicize_connections":[],"jetpack_featured_media_url":"https:\/\/webdealta.info\/wp-content\/uploads\/2023\/05\/enfermeras-webdealta-2023.png","jetpack_sharing_enabled":true,"jetpack_likes_enabled":true,"jetpack-related-posts":[],"jetpack_shortlink":"https:\/\/wp.me\/pcseDn-1Ni","_links":{"self":[{"href":"https:\/\/webdealta.info\/index.php?rest_route=\/wp\/v2\/posts\/6900","targetHints":{"allow":["GET"]}}],"collection":[{"href":"https:\/\/webdealta.info\/index.php?rest_route=\/wp\/v2\/posts"}],"about":[{"href":"https:\/\/webdealta.info\/index.php?rest_route=\/wp\/v2\/types\/post"}],"author":[{"embeddable":true,"href":"https:\/\/webdealta.info\/index.php?rest_route=\/wp\/v2\/users\/2"}],"replies":[{"embeddable":true,"href":"https:\/\/webdealta.info\/index.php?rest_route=%2Fwp%2Fv2%2Fcomments&post=6900"}],"version-history":[{"count":1,"href":"https:\/\/webdealta.info\/index.php?rest_route=\/wp\/v2\/posts\/6900\/revisions"}],"predecessor-version":[{"id":6902,"href":"https:\/\/webdealta.info\/index.php?rest_route=\/wp\/v2\/posts\/6900\/revisions\/6902"}],"wp:featuredmedia":[{"embeddable":true,"href":"https:\/\/webdealta.info\/index.php?rest_route=\/wp\/v2\/media\/6901"}],"wp:attachment":[{"href":"https:\/\/webdealta.info\/index.php?rest_route=%2Fwp%2Fv2%2Fmedia&parent=6900"}],"wp:term":[{"taxonomy":"category","embeddable":true,"href":"https:\/\/webdealta.info\/index.php?rest_route=%2Fwp%2Fv2%2Fcategories&post=6900"},{"taxonomy":"post_tag","embeddable":true,"href":"https:\/\/webdealta.info\/index.php?rest_route=%2Fwp%2Fv2%2Ftags&post=6900"}],"curies":[{"name":"wp","href":"https:\/\/api.w.org\/{rel}","templated":true}]}}