{"id":6883,"date":"2023-05-06T10:19:00","date_gmt":"2023-05-06T14:19:00","guid":{"rendered":"https:\/\/webdealta.info\/?p=6883"},"modified":"2023-05-06T10:19:01","modified_gmt":"2023-05-06T14:19:01","slug":"el-poder-de-conocimiento-origen-de-la-cruz-de-mayo","status":"publish","type":"post","link":"https:\/\/webdealta.info\/?p=6883","title":{"rendered":"El Poder de Conocimiento: origen de la Cruz de Mayo"},"content":{"rendered":"\n<p>Amanda Saldivia.-<\/p>\n\n\n\n<p>El origen de la Cruz de Mayo est\u00e1 relacionada al proceso de conquista de los espa\u00f1oles a estas tierras. Se cree que como los misioneros desconoc\u00edan la lengua de los nativos, apelaban a las im\u00e1genes, entre ellos la Cruz, la cual era colocada en cerros, intersecciones de caminos y otros espacios concurridos.<\/p>\n\n\n\n<p>En torno a ese s\u00edmbolo, los misioneros fundaron hermandades, que dieron paso al culto de homenajearla durante el mes de mayo. A esto se sum\u00f3 lo que se conoce como \u201cvestir la cruz\u201d, que consiste en elementos como lienzos que simbolizan la pasi\u00f3n de Jesucristo, adem\u00e1s de colocarle flores, hacer ofrendas y cantos.<\/p>\n\n\n\n<p>El portal Nacional Geografic rese\u00f1a que mucho antes del proceso de conquista de estos pueblos ind\u00edgenas, ya se celebraba el D\u00eda de la Santa Cruz y al parecer est\u00e1 relacionado con el pagano Constantino en el siglo IV.<\/p>\n\n\n\n<p>\u00c9l deb\u00eda enfrentar una batalla contra Majencio y la noche anterior so\u00f1\u00f3 con una cruz luminosa en los aires y escuch\u00f3 una voz que le dijo: \u201ccon este signo vencer\u00e1s\u201d. Por esa raz\u00f3n, antes de comenzar la batalla mand\u00f3 a colocar cruces en las banderas de los batallones y exclam\u00f3: \u201cconf\u00edo en Cristo en quien cree mi madre Elena\u201d. Constantino logr\u00f3 la victoria y dio libertad a los cristianos.<\/p>\n\n\n\n<p>En muchos pa\u00edses del mundo se celebra el D\u00eda de la Santa Cruz, el tres de mayo, entre ellos Espa\u00f1a, Chile, Ecuador, El Salvador, Guatemala, M\u00e9xico, Paraguay, Per\u00fa, Trinidad y Tobago, Argentina, Colombia y Venezuela.<\/p>\n\n\n\n<p>En el Orituco, los velorios de la Cruz de Mayo se extienden a distintas zonas, tanto urbanas como rurales, adem\u00e1s de fincas donde es tradici\u00f3n celebrar esta festividad.<\/p>\n\n\n\n<p>La Cruz de Mayo tiene un denominador com\u00fan, la fe, el colorido, los cantos y rendir un homenaje a la naturaleza para que las lluvias traigan abundantes cosechas.&nbsp;&nbsp;<\/p>\n\n\n\n<p>@amandasaldivia  <\/p>\n\n\n\n<p><\/p>\n","protected":false},"excerpt":{"rendered":"<p>Amanda Saldivia.- El origen de la Cruz de Mayo est\u00e1 relacionada al proceso de conquista de los espa\u00f1oles a estas tierras. Se cree que como los misioneros desconoc\u00edan la lengua de los nativos, apelaban a las im\u00e1genes, entre ellos la Cruz, la cual era colocada en cerros, intersecciones de caminos<\/p>\n","protected":false},"author":2,"featured_media":6884,"comment_status":"open","ping_status":"open","sticky":false,"template":"","format":"standard","meta":{"advanced_seo_description":"","jetpack_seo_html_title":"","jetpack_seo_noindex":false,"_jetpack_memberships_contains_paid_content":false,"footnotes":"","jetpack_publicize_message":"","jetpack_publicize_feature_enabled":true,"jetpack_social_post_already_shared":true,"jetpack_social_options":{"image_generator_settings":{"template":"highway","enabled":false},"version":2}},"categories":[302,251],"tags":[8,7,32],"class_list":["post-6883","post","type-post","status-publish","format-standard","has-post-thumbnail","hentry","category-el-poder-del-conocimiento","category-webdealta","tag-altagraciadeorituco","tag-guarico","tag-webdealta",""],"jetpack_publicize_connections":[],"jetpack_featured_media_url":"https:\/\/webdealta.info\/wp-content\/uploads\/2023\/05\/cruz-de-mayo-webdealta-2023.png","jetpack_sharing_enabled":true,"jetpack_likes_enabled":true,"jetpack-related-posts":[],"jetpack_shortlink":"https:\/\/wp.me\/pcseDn-1N1","_links":{"self":[{"href":"https:\/\/webdealta.info\/index.php?rest_route=\/wp\/v2\/posts\/6883","targetHints":{"allow":["GET"]}}],"collection":[{"href":"https:\/\/webdealta.info\/index.php?rest_route=\/wp\/v2\/posts"}],"about":[{"href":"https:\/\/webdealta.info\/index.php?rest_route=\/wp\/v2\/types\/post"}],"author":[{"embeddable":true,"href":"https:\/\/webdealta.info\/index.php?rest_route=\/wp\/v2\/users\/2"}],"replies":[{"embeddable":true,"href":"https:\/\/webdealta.info\/index.php?rest_route=%2Fwp%2Fv2%2Fcomments&post=6883"}],"version-history":[{"count":1,"href":"https:\/\/webdealta.info\/index.php?rest_route=\/wp\/v2\/posts\/6883\/revisions"}],"predecessor-version":[{"id":6885,"href":"https:\/\/webdealta.info\/index.php?rest_route=\/wp\/v2\/posts\/6883\/revisions\/6885"}],"wp:featuredmedia":[{"embeddable":true,"href":"https:\/\/webdealta.info\/index.php?rest_route=\/wp\/v2\/media\/6884"}],"wp:attachment":[{"href":"https:\/\/webdealta.info\/index.php?rest_route=%2Fwp%2Fv2%2Fmedia&parent=6883"}],"wp:term":[{"taxonomy":"category","embeddable":true,"href":"https:\/\/webdealta.info\/index.php?rest_route=%2Fwp%2Fv2%2Fcategories&post=6883"},{"taxonomy":"post_tag","embeddable":true,"href":"https:\/\/webdealta.info\/index.php?rest_route=%2Fwp%2Fv2%2Ftags&post=6883"}],"curies":[{"name":"wp","href":"https:\/\/api.w.org\/{rel}","templated":true}]}}