{"id":688,"date":"2020-11-09T17:01:35","date_gmt":"2020-11-09T21:01:35","guid":{"rendered":"https:\/\/webdealta.info\/?p=688"},"modified":"2020-11-09T17:04:35","modified_gmt":"2020-11-09T21:04:35","slug":"ciudadanos-responden-al-llamado","status":"publish","type":"post","link":"https:\/\/webdealta.info\/?p=688","title":{"rendered":"Ciudadanos responden al llamado"},"content":{"rendered":"\n<h4 class=\"wp-block-heading\">Exitosa jornada de recolecci\u00f3n de fondos para reparar uno de los motores de la toma flotante del embalse Guanapito<\/h4>\n\n\n\n<figure class=\"wp-block-image size-large\"><img loading=\"lazy\" decoding=\"async\" width=\"1000\" height=\"750\" src=\"https:\/\/webdealta.info\/wp-content\/uploads\/2020\/11\/foto-2-jornada.jpeg\" alt=\"\" class=\"wp-image-689\" srcset=\"https:\/\/webdealta.info\/wp-content\/uploads\/2020\/11\/foto-2-jornada.jpeg 1000w, https:\/\/webdealta.info\/wp-content\/uploads\/2020\/11\/foto-2-jornada.jpeg 300w, https:\/\/webdealta.info\/wp-content\/uploads\/2020\/11\/foto-2-jornada.jpeg 768w\" sizes=\"auto, (max-width: 640px) 100vw, 640px\" \/><figcaption>Ciudadanos hicieron su aporte en la jornada de recolecci\u00f3n de fondos<\/figcaption><\/figure>\n\n\n\n<p>Amanda Saldivia<\/p>\n\n\n\n<p>M\u00e1s personas se suman a la iniciativa de colaborar para hacer posible la reparaci\u00f3n de uno de los motores de la toma flotante del embalse Guanapito y con ello mejorar el caudal y las condiciones del agua que se potabiliza en la planta de tratamiento Chapaiguana, en Altagracia de Orituco, Gu\u00e1rico.<\/p>\n\n\n\n<p>La iniciativa de la sociedad civil surge ante los elevados niveles de turbiedad y el racionamiento m\u00e1s intenso que se aplic\u00f3 a la poblaci\u00f3n de Altagracia y San Rafael de Orituco, a ra\u00edz del da\u00f1o que sufri\u00f3 un primer motor en mayo del a\u00f1o en curso, el cual todav\u00eda no ha sido reparado, y otro en el mes de septiembre, lo que repercuti\u00f3 en la cantidad y calidad del agua que consumen los habitantes de esta regi\u00f3n guarique\u00f1a.<\/p>\n\n\n\n<p>Es necesario precisar que Hidrop\u00e1ez, debido al da\u00f1o de los dos motores, activ\u00f3 la toma de fondo, que como su nombre lo indica viene del fondo del embalse y arrastra consigo sedimentos que elevan los niveles de turbiedad del caudal que llega a la planta de tratamiento, lo que obliga a utilizar sulfato de aluminio para ajustarla a la norma y no siempre este producto est\u00e1 disponible, lo que hace que en oportunidades el agua no est\u00e9 apta para el consumo o se paralice todo el proceso a la espera de este suministro.<\/p>\n\n\n\n<p>Esta realidad motiv\u00f3 a un grupo de ciudadanos, a estudiar las alternativas para mejorar las condiciones del agua potable, lo que gener\u00f3 que se constituyera una comisi\u00f3n integrada por Elisenda Tovar, Marisela D`Angelis, Amparo Ballesteros, Amarilis Bandres, Argenis Pi\u00f1ero, William Fourneau y la redactora de esta nota, a los fines de canalizar la reparaci\u00f3n de ese segundo motor y del tablero el\u00e9ctrico que controla la toma flotante.<\/p>\n\n\n\n<p>Como parte de las actividades pro fondos organizadas, el pasado fin de semana se establecieron dos puntos de recolecci\u00f3n. La comisi\u00f3n present\u00f3 este domingo el resumen de la jornada, el cual compartimos con ustedes.<\/p>\n\n\n\n<p>El grupo de Seguridad y Servicios P\u00fablicos Altagracia informa:<\/p>\n\n\n\n<p>Resumen de la jornada de recolecci\u00f3n de fondos para la reparaci\u00f3n del motor de la toma de fondo, realizada el s\u00e1bado 07\/11\/2020:<\/p>\n\n\n\n<ul class=\"wp-block-list\"><li>A las 2:00 pm culmin\u00f3 la jornada de recolecci\u00f3n de recursos para la reparaci\u00f3n del motor de la toma flotante. Se instalaron los dos puntos previstos, uno en la antigua bomba Texaco, sector Saladillo y otro en Fereca, calle Ilustres Pr\u00f3ceres.<\/li><li>Se recolect\u00f3 la suma de 66.910.000,00 de bol\u00edvares.<\/li><li>Hasta el momento el total recolectado es de 121.448.998,00 de bol\u00edvares y 707 D\u00f3lares.<\/li><li>Gracias al apoyo de la directiva y el personal de las emisoras Guara\u00f1a 97.5 FM y Activa 104.9 FM.<\/li><li>Gracias por las instalaciones prestadas por la se\u00f1ora Mar\u00eda Rodr\u00edguez Castro, el apoyo de Luciano Lagazzi de Fereca, inversiones La Colmena, adem\u00e1s de Pablo Rojas del Rey del San y El Vi\u00f1edo por los puntos de venta.<\/li><li>Menci\u00f3n especial para el locutor Romer Lagrutta y el periodista Luis Avil\u00e9s, quienes tuvieron la responsabilidad de la animaci\u00f3n en los puntos de recolecci\u00f3n y avances a las emisoras.<\/li><li>Estuvieron presentes como colaboradores: Alejandra Arias, Yolivares Infante, Zulay Coronil, Felisa Hern\u00e1ndez, Rub\u00e9n Padr\u00f3n, Adriana Racciopo, Marisela Saldivia&nbsp; y los trabajadores de Promasorca V\u00edctor, Dany y Lino. Gracias por el apoyo, fueron importantes para el \u00e9xito de la actividad.<\/li><li>Tambi\u00e9n destacamos el apoyo de festejos Itamar, a Puly, quien con su personal facilitaron mesas y sillas para el punto de recolecci\u00f3n del sector Saladillo.<\/li><li>A los fines de mantener la transparencia del proceso, manifestamos que toda persona que est\u00e9 interesada en recolectar recursos como parte de la campa\u00f1a para la reparaci\u00f3n del motor de la toma flotante, debe estar autorizada por la comisi\u00f3n pro fondos.<\/li><li>Este resumen es presentado por Marisela D`Angelis, Elisenda Tovar, Amparo Ballesteros, Amarilis Bandres, Amanda Saldivia, William Fourneau y Argenis Pi\u00f1ero. En los pr\u00f3ximos d\u00edas m\u00e1s detalles.<\/li><\/ul>\n\n\n\n<p>@amandasaldivia<\/p>\n","protected":false},"excerpt":{"rendered":"<p>Exitosa jornada de recolecci\u00f3n de fondos para reparar uno de los motores de la toma flotante del embalse Guanapito Amanda Saldivia M\u00e1s personas se suman a la iniciativa de colaborar para hacer posible la reparaci\u00f3n de uno de los motores de la toma flotante del embalse Guanapito y con ello<\/p>\n","protected":false},"author":2,"featured_media":690,"comment_status":"open","ping_status":"open","sticky":false,"template":"","format":"standard","meta":{"advanced_seo_description":"","jetpack_seo_html_title":"","jetpack_seo_noindex":false,"_jetpack_memberships_contains_paid_content":false,"footnotes":"","jetpack_publicize_message":"","jetpack_publicize_feature_enabled":true,"jetpack_social_post_already_shared":true,"jetpack_social_options":{"image_generator_settings":{"template":"highway","enabled":false},"version":2}},"categories":[50],"tags":[24,51,32],"class_list":["post-688","post","type-post","status-publish","format-standard","has-post-thumbnail","hentry","category-iniciativas-ciudadanas","tag-altagracia","tag-reparanmotor","tag-webdealta",""],"jetpack_publicize_connections":[],"jetpack_featured_media_url":"https:\/\/webdealta.info\/wp-content\/uploads\/2020\/11\/foto-1-jornada.jpeg","jetpack_sharing_enabled":true,"jetpack_likes_enabled":true,"jetpack-related-posts":[],"jetpack_shortlink":"https:\/\/wp.me\/pcseDn-b6","_links":{"self":[{"href":"https:\/\/webdealta.info\/index.php?rest_route=\/wp\/v2\/posts\/688","targetHints":{"allow":["GET"]}}],"collection":[{"href":"https:\/\/webdealta.info\/index.php?rest_route=\/wp\/v2\/posts"}],"about":[{"href":"https:\/\/webdealta.info\/index.php?rest_route=\/wp\/v2\/types\/post"}],"author":[{"embeddable":true,"href":"https:\/\/webdealta.info\/index.php?rest_route=\/wp\/v2\/users\/2"}],"replies":[{"embeddable":true,"href":"https:\/\/webdealta.info\/index.php?rest_route=%2Fwp%2Fv2%2Fcomments&post=688"}],"version-history":[{"count":2,"href":"https:\/\/webdealta.info\/index.php?rest_route=\/wp\/v2\/posts\/688\/revisions"}],"predecessor-version":[{"id":692,"href":"https:\/\/webdealta.info\/index.php?rest_route=\/wp\/v2\/posts\/688\/revisions\/692"}],"wp:featuredmedia":[{"embeddable":true,"href":"https:\/\/webdealta.info\/index.php?rest_route=\/wp\/v2\/media\/690"}],"wp:attachment":[{"href":"https:\/\/webdealta.info\/index.php?rest_route=%2Fwp%2Fv2%2Fmedia&parent=688"}],"wp:term":[{"taxonomy":"category","embeddable":true,"href":"https:\/\/webdealta.info\/index.php?rest_route=%2Fwp%2Fv2%2Fcategories&post=688"},{"taxonomy":"post_tag","embeddable":true,"href":"https:\/\/webdealta.info\/index.php?rest_route=%2Fwp%2Fv2%2Ftags&post=688"}],"curies":[{"name":"wp","href":"https:\/\/api.w.org\/{rel}","templated":true}]}}