{"id":6871,"date":"2023-05-03T22:28:36","date_gmt":"2023-05-04T02:28:36","guid":{"rendered":"https:\/\/webdealta.info\/?p=6871"},"modified":"2023-05-03T22:28:37","modified_gmt":"2023-05-04T02:28:37","slug":"guarico-diseno-plan-para-garantizar-suministro-de-combustible-a-productores","status":"publish","type":"post","link":"https:\/\/webdealta.info\/?p=6871","title":{"rendered":"Gu\u00e1rico dise\u00f1\u00f3 plan para garantizar suministro de combustible a productores"},"content":{"rendered":"\n<p>Sibci Gu\u00e1rico.-<\/p>\n\n\n\n<p>En el estado Gu\u00e1rico se dise\u00f1\u00f3 un plan especial para garantizar el suministro de combustible a los productores agr\u00edcolas y campesinos de la entidad. As\u00ed lo refiri\u00f3 el gobernador del estado Gu\u00e1rico, Jos\u00e9 V\u00e1squez, durante una entrevista radial, a trav\u00e9s de Uni\u00f3n Radio 90.3 FM, en la cual asegur\u00f3 que la Gobernaci\u00f3n ha coordinado soluciones con la empresa PDVSA para atender las prioridades relacionadas con el suministro del di\u00e9sel.<\/p>\n\n\n\n<p>\u00abComenzamos el plan de distribuci\u00f3n del combustible que implica la preparaci\u00f3n de las tierras, luego para la cosecha norte verano, pero tambi\u00e9n para la siembra de los cereales del ciclo invierno 2023\u00bb, afirm\u00f3 durante la entrevista.<\/p>\n\n\n\n<p>Igualmente, V\u00e1squez resalt\u00f3 que en los meses de marzo, abril y mayo la regi\u00f3n llanera requiere 5 millones 48 mil litros de di\u00e9sel, que ya est\u00e1n garantizados y se organiz\u00f3 su distribuci\u00f3n por semana.<\/p>\n\n\n\n<p>Adem\u00e1s, inform\u00f3 que para los pr\u00f3ximos meses van a requerir 15 millones 384 mil litros de combustible desde marzo a julio, por lo que ya entregaron el informe al presidente de PDVSA para garantizar el di\u00e9sel a los productores.<\/p>\n\n\n\n<p><strong>Mecanismos de control<\/strong><\/p>\n\n\n\n<p>Seguidamente, mencion\u00f3 que en cada municipio hay una comisi\u00f3n permanente en las estaciones de servicios para coordinar y supervisar el suministro a cada asociaci\u00f3n de productores, \u00abel combustible es especial para el plan productivo, no tiene nada que ver con el combustible que est\u00e1 llegando para la poblaci\u00f3n en general\u00bb, afirm\u00f3.<\/p>\n\n\n\n<p>V\u00e1squez, acot\u00f3 que realizaron un plan de apoyo sistem\u00e1tico para cada uno de los municipios, es decir, que no se detenga el nivel productivo donde se est\u00e9 sembrando.<\/p>\n\n\n\n<p>En el mismo contexto, agreg\u00f3 que, actualmente, est\u00e1n trabajando en un Plan de Financiamiento que ya cuenta con los insumos para beneficiar a 3 mil productores, a su vez detall\u00f3 que est\u00e1n en el proceso para verificar que los campesinos cuenten con la unidad productiva.  <\/p>\n\n\n\n<p>fotos cortes\u00eda <\/p>\n\n\n\n<p><\/p>\n","protected":false},"excerpt":{"rendered":"<p>Sibci Gu\u00e1rico.- En el estado Gu\u00e1rico se dise\u00f1\u00f3 un plan especial para garantizar el suministro de combustible a los productores agr\u00edcolas y campesinos de la entidad. As\u00ed lo refiri\u00f3 el gobernador del estado Gu\u00e1rico, Jos\u00e9 V\u00e1squez, durante una entrevista radial, a trav\u00e9s de Uni\u00f3n Radio 90.3 FM, en la cual<\/p>\n","protected":false},"author":2,"featured_media":6872,"comment_status":"open","ping_status":"open","sticky":false,"template":"","format":"standard","meta":{"advanced_seo_description":"","jetpack_seo_html_title":"","jetpack_seo_noindex":false,"_jetpack_memberships_contains_paid_content":false,"footnotes":"","jetpack_publicize_message":"","jetpack_publicize_feature_enabled":true,"jetpack_social_post_already_shared":true,"jetpack_social_options":{"image_generator_settings":{"template":"highway","enabled":false},"version":2}},"categories":[284,66,251],"tags":[8,7,32],"class_list":["post-6871","post","type-post","status-publish","format-standard","has-post-thumbnail","hentry","category-gobierno-de-guarico","category-regionales","category-webdealta","tag-altagraciadeorituco","tag-guarico","tag-webdealta",""],"jetpack_publicize_connections":[],"jetpack_featured_media_url":"https:\/\/webdealta.info\/wp-content\/uploads\/2023\/05\/siembra-2023-webdealta.png","jetpack_sharing_enabled":true,"jetpack_likes_enabled":true,"jetpack-related-posts":[],"jetpack_shortlink":"https:\/\/wp.me\/pcseDn-1MP","_links":{"self":[{"href":"https:\/\/webdealta.info\/index.php?rest_route=\/wp\/v2\/posts\/6871","targetHints":{"allow":["GET"]}}],"collection":[{"href":"https:\/\/webdealta.info\/index.php?rest_route=\/wp\/v2\/posts"}],"about":[{"href":"https:\/\/webdealta.info\/index.php?rest_route=\/wp\/v2\/types\/post"}],"author":[{"embeddable":true,"href":"https:\/\/webdealta.info\/index.php?rest_route=\/wp\/v2\/users\/2"}],"replies":[{"embeddable":true,"href":"https:\/\/webdealta.info\/index.php?rest_route=%2Fwp%2Fv2%2Fcomments&post=6871"}],"version-history":[{"count":1,"href":"https:\/\/webdealta.info\/index.php?rest_route=\/wp\/v2\/posts\/6871\/revisions"}],"predecessor-version":[{"id":6873,"href":"https:\/\/webdealta.info\/index.php?rest_route=\/wp\/v2\/posts\/6871\/revisions\/6873"}],"wp:featuredmedia":[{"embeddable":true,"href":"https:\/\/webdealta.info\/index.php?rest_route=\/wp\/v2\/media\/6872"}],"wp:attachment":[{"href":"https:\/\/webdealta.info\/index.php?rest_route=%2Fwp%2Fv2%2Fmedia&parent=6871"}],"wp:term":[{"taxonomy":"category","embeddable":true,"href":"https:\/\/webdealta.info\/index.php?rest_route=%2Fwp%2Fv2%2Fcategories&post=6871"},{"taxonomy":"post_tag","embeddable":true,"href":"https:\/\/webdealta.info\/index.php?rest_route=%2Fwp%2Fv2%2Ftags&post=6871"}],"curies":[{"name":"wp","href":"https:\/\/api.w.org\/{rel}","templated":true}]}}