{"id":6867,"date":"2023-05-03T22:15:00","date_gmt":"2023-05-04T02:15:00","guid":{"rendered":"https:\/\/webdealta.info\/?p=6867"},"modified":"2023-05-03T22:15:01","modified_gmt":"2023-05-04T02:15:01","slug":"instalada-en-guarico-junta-regional-de-primarias","status":"publish","type":"post","link":"https:\/\/webdealta.info\/?p=6867","title":{"rendered":"Instalada en Gu\u00e1rico Junta Regional de Primarias"},"content":{"rendered":"\n<p>Este mi\u00e9rcoles 3 de mayo, en un acto bastante concurrido, se realiz\u00f3 la presentaci\u00f3n de la Junta Regional de Primaria del estado Gu\u00e1rico ante la sociedad civil. El acto protocolar comenz\u00f3 con un emotivo video sobre el camino hacia la libertad de Venezuela, seguidamente se present\u00f3 a cada uno de los miembros de la Junta Regional.<\/p>\n\n\n\n<p>El vocero de la Plataforma Unitaria Democr\u00e1tica del estado Gu\u00e1rico, Lic. Tawfik Hennaoi expres\u00f3 el apoyo total para que este proceso se lleve a cabo en unidad con el fin de lograr el \u00e9xito en el proceso de Primaria. Asimismo, intervino el coordinador del Frente Amplio Venezuela Libre, Ing. Jes\u00fas Hurtado Power para expresar el apoyo en la organizaci\u00f3n del evento electoral del pr\u00f3ximo 22 de octubre.<\/p>\n\n\n\n<p>Por su parte, la representante del sector estudiantil Valeria Loreto habl\u00f3 sobre la importancia de los j\u00f3venes en la participaci\u00f3n de la Primaria, la situaci\u00f3n de los j\u00f3venes migrantes y la dificultad para hacer valer su derecho al voto fuera del pa\u00eds.<\/p>\n\n\n\n<p>Andrea Parra, en representaci\u00f3n del gremio de trabajadores, manifest\u00f3 el apoyo de este sector que sin duda alguna es el motor que mueve a este pa\u00eds y est\u00e1 a disposici\u00f3n en Gu\u00e1rico y en toda Venezuela para trabajar por el \u00e9xito de la Primaria.<\/p>\n\n\n\n<p>Para cerrar el acto, el Ing. Mario Gar\u00f3falo, presidente de la Junta Regional de Primaria del estado Gu\u00e1rico, comenz\u00f3 su intervenci\u00f3n felicitando y pidiendo un aplauso en favor de la unidad.<\/p>\n\n\n\n<p>Gar\u00f3falo tambi\u00e9n expres\u00f3 que esta Junta Regional va a trabajar duro para generar confianza en el elector, garantizando el voto secreto y un proceso limpio. A pesar de lo extenso del estado Gu\u00e1rico, la Junta Regional trabajar\u00e1 en la selecci\u00f3n de las Juntas municipales para poder organizar este proceso de Primaria en cada rinc\u00f3n del estado.<\/p>\n\n\n\n<p>Prensa Junta de Primarias Gu\u00e1rico  <\/p>\n\n\n\n<p><\/p>\n","protected":false},"excerpt":{"rendered":"<p>Este mi\u00e9rcoles 3 de mayo, en un acto bastante concurrido, se realiz\u00f3 la presentaci\u00f3n de la Junta Regional de Primaria del estado Gu\u00e1rico ante la sociedad civil. El acto protocolar comenz\u00f3 con un emotivo video sobre el camino hacia la libertad de Venezuela, seguidamente se present\u00f3 a cada uno de<\/p>\n","protected":false},"author":2,"featured_media":6868,"comment_status":"open","ping_status":"open","sticky":false,"template":"","format":"standard","meta":{"advanced_seo_description":"","jetpack_seo_html_title":"","jetpack_seo_noindex":false,"_jetpack_memberships_contains_paid_content":false,"footnotes":"","jetpack_publicize_message":"","jetpack_publicize_feature_enabled":true,"jetpack_social_post_already_shared":true,"jetpack_social_options":{"image_generator_settings":{"template":"highway","enabled":false},"version":2}},"categories":[142,66,251],"tags":[8,7,32],"class_list":["post-6867","post","type-post","status-publish","format-standard","has-post-thumbnail","hentry","category-politica","category-regionales","category-webdealta","tag-altagraciadeorituco","tag-guarico","tag-webdealta",""],"jetpack_publicize_connections":[],"jetpack_featured_media_url":"https:\/\/webdealta.info\/wp-content\/uploads\/2023\/05\/primarias-webdealta-2023.png","jetpack_sharing_enabled":true,"jetpack_likes_enabled":true,"jetpack-related-posts":[],"jetpack_shortlink":"https:\/\/wp.me\/pcseDn-1ML","_links":{"self":[{"href":"https:\/\/webdealta.info\/index.php?rest_route=\/wp\/v2\/posts\/6867","targetHints":{"allow":["GET"]}}],"collection":[{"href":"https:\/\/webdealta.info\/index.php?rest_route=\/wp\/v2\/posts"}],"about":[{"href":"https:\/\/webdealta.info\/index.php?rest_route=\/wp\/v2\/types\/post"}],"author":[{"embeddable":true,"href":"https:\/\/webdealta.info\/index.php?rest_route=\/wp\/v2\/users\/2"}],"replies":[{"embeddable":true,"href":"https:\/\/webdealta.info\/index.php?rest_route=%2Fwp%2Fv2%2Fcomments&post=6867"}],"version-history":[{"count":1,"href":"https:\/\/webdealta.info\/index.php?rest_route=\/wp\/v2\/posts\/6867\/revisions"}],"predecessor-version":[{"id":6869,"href":"https:\/\/webdealta.info\/index.php?rest_route=\/wp\/v2\/posts\/6867\/revisions\/6869"}],"wp:featuredmedia":[{"embeddable":true,"href":"https:\/\/webdealta.info\/index.php?rest_route=\/wp\/v2\/media\/6868"}],"wp:attachment":[{"href":"https:\/\/webdealta.info\/index.php?rest_route=%2Fwp%2Fv2%2Fmedia&parent=6867"}],"wp:term":[{"taxonomy":"category","embeddable":true,"href":"https:\/\/webdealta.info\/index.php?rest_route=%2Fwp%2Fv2%2Fcategories&post=6867"},{"taxonomy":"post_tag","embeddable":true,"href":"https:\/\/webdealta.info\/index.php?rest_route=%2Fwp%2Fv2%2Ftags&post=6867"}],"curies":[{"name":"wp","href":"https:\/\/api.w.org\/{rel}","templated":true}]}}