{"id":6864,"date":"2023-05-03T22:02:43","date_gmt":"2023-05-04T02:02:43","guid":{"rendered":"https:\/\/webdealta.info\/?p=6864"},"modified":"2023-05-03T22:02:44","modified_gmt":"2023-05-04T02:02:44","slug":"una-docente-fallecida-y-nueve-lesionados-dejo-accidente-al-norte-de-macaira","status":"publish","type":"post","link":"https:\/\/webdealta.info\/?p=6864","title":{"rendered":"Una docente fallecida y nueve lesionados dej\u00f3 accidente al norte de Macaira"},"content":{"rendered":"\n<p>Amanda Saldivia.-<\/p>\n\n\n\n<p>Un fallecido y nueve lesionados fue el resultado de un accidente de tr\u00e1nsito que se registr\u00f3 en el sector San Rafael de Cuira, municipio Acevedo del estado Miranda, v\u00eda que comunica con San Francisco de Macaira, Gu\u00e1rico, de donde son oriundos la mayor\u00eda de los involucrados en el siniestro.<\/p>\n\n\n\n<p>De acuerdo a los datos aportados por la Polic\u00eda Nacional Bolivariana, a cargo del comisario Julio Correa y el coronel Denis Dur\u00e1n, comandante del cuerpo de bomberos Andr\u00e9 Fourneau de Altagracia de Orituco, el hecho se conoci\u00f3 pasada las cuatro de la tarde de este mi\u00e9rcoles tres de mayo, a trav\u00e9s de una llamada telef\u00f3nica que recibieron de la poblaci\u00f3n de Macaira, lo que moviliz\u00f3 a las unidades de Protecci\u00f3n Civil y Bomberos.<\/p>\n\n\n\n<p>Hasta el momento, la informaci\u00f3n dada a conocer por las autoridades es que se trat\u00f3 de un veh\u00edculo r\u00fastico que sufri\u00f3 un desperfecto mec\u00e1nico, lo que ocasion\u00f3 el volcamiento con el lamentable saldo de una fallecida, identificada con el nombre de Eneida Carrizales de 47 a\u00f1os de edad, quien se desempe\u00f1aba como docente en una escuela del municipio Acevedo, estado Miranda.<\/p>\n\n\n\n<p>Los lesionados fueron trasladados al hospital Dr. Jos\u00e9 Francisco Torrealba y dos de ellos remitidos al hospital Ranuarez Balza de San Juan de los Morros. En la lista de lesionados aparecen identificados los siguientes:<\/p>\n\n\n\n<p>Argenis Arreoja (46)<\/p>\n\n\n\n<p>Jos\u00e9 Manuel Rond\u00f3n, (30)<\/p>\n\n\n\n<p>Yulenny Arreoja, (25)<\/p>\n\n\n\n<p>Margenis Almeida, (12)<\/p>\n\n\n\n<p>Keiver Arreoja de (12)<\/p>\n\n\n\n<p>Keiner Arreoja de (14)<\/p>\n\n\n\n<p>Michel Arreoja de (17) <\/p>\n\n\n\n<p>@amandasaldivia  <\/p>\n\n\n\n<p><\/p>\n","protected":false},"excerpt":{"rendered":"<p>Amanda Saldivia.- Un fallecido y nueve lesionados fue el resultado de un accidente de tr\u00e1nsito que se registr\u00f3 en el sector San Rafael de Cuira, municipio Acevedo del estado Miranda, v\u00eda que comunica con San Francisco de Macaira, Gu\u00e1rico, de donde son oriundos la mayor\u00eda de los involucrados en el<\/p>\n","protected":false},"author":2,"featured_media":6865,"comment_status":"open","ping_status":"open","sticky":false,"template":"","format":"standard","meta":{"advanced_seo_description":"","jetpack_seo_html_title":"","jetpack_seo_noindex":false,"_jetpack_memberships_contains_paid_content":false,"footnotes":"","jetpack_publicize_message":"","jetpack_publicize_feature_enabled":true,"jetpack_social_post_already_shared":true,"jetpack_social_options":{"image_generator_settings":{"template":"highway","enabled":false},"version":2}},"categories":[159,251],"tags":[8,7,32],"class_list":["post-6864","post","type-post","status-publish","format-standard","has-post-thumbnail","hentry","category-accidente","category-webdealta","tag-altagraciadeorituco","tag-guarico","tag-webdealta",""],"jetpack_publicize_connections":[],"jetpack_featured_media_url":"https:\/\/webdealta.info\/wp-content\/uploads\/2023\/05\/cuira-accidente-webdealta.png","jetpack_sharing_enabled":true,"jetpack_likes_enabled":true,"jetpack-related-posts":[],"jetpack_shortlink":"https:\/\/wp.me\/pcseDn-1MI","_links":{"self":[{"href":"https:\/\/webdealta.info\/index.php?rest_route=\/wp\/v2\/posts\/6864","targetHints":{"allow":["GET"]}}],"collection":[{"href":"https:\/\/webdealta.info\/index.php?rest_route=\/wp\/v2\/posts"}],"about":[{"href":"https:\/\/webdealta.info\/index.php?rest_route=\/wp\/v2\/types\/post"}],"author":[{"embeddable":true,"href":"https:\/\/webdealta.info\/index.php?rest_route=\/wp\/v2\/users\/2"}],"replies":[{"embeddable":true,"href":"https:\/\/webdealta.info\/index.php?rest_route=%2Fwp%2Fv2%2Fcomments&post=6864"}],"version-history":[{"count":1,"href":"https:\/\/webdealta.info\/index.php?rest_route=\/wp\/v2\/posts\/6864\/revisions"}],"predecessor-version":[{"id":6866,"href":"https:\/\/webdealta.info\/index.php?rest_route=\/wp\/v2\/posts\/6864\/revisions\/6866"}],"wp:featuredmedia":[{"embeddable":true,"href":"https:\/\/webdealta.info\/index.php?rest_route=\/wp\/v2\/media\/6865"}],"wp:attachment":[{"href":"https:\/\/webdealta.info\/index.php?rest_route=%2Fwp%2Fv2%2Fmedia&parent=6864"}],"wp:term":[{"taxonomy":"category","embeddable":true,"href":"https:\/\/webdealta.info\/index.php?rest_route=%2Fwp%2Fv2%2Fcategories&post=6864"},{"taxonomy":"post_tag","embeddable":true,"href":"https:\/\/webdealta.info\/index.php?rest_route=%2Fwp%2Fv2%2Ftags&post=6864"}],"curies":[{"name":"wp","href":"https:\/\/api.w.org\/{rel}","templated":true}]}}