{"id":6852,"date":"2023-04-30T19:50:07","date_gmt":"2023-04-30T23:50:07","guid":{"rendered":"https:\/\/webdealta.info\/?p=6852"},"modified":"2023-04-30T19:50:08","modified_gmt":"2023-04-30T23:50:08","slug":"homenajeada-cultora-silene-valero-el-dia-internacional-de-la-danza","status":"publish","type":"post","link":"https:\/\/webdealta.info\/?p=6852","title":{"rendered":"Homenajeada cultora Silene Valero el D\u00eda Internacional de la Danza"},"content":{"rendered":"\n<p>Prensa alcald\u00eda.-<\/p>\n\n\n\n<p>En Altagracia de Orituco se celebr\u00f3 el D\u00eda internacional de la Danza en homenaje a la cultora del joropo y profesora Silene Valero, quien fue la figura central del evento donde estuvieron presentes agrupaciones de danzas y manifestaciones folkl\u00f3ricas del municipio Monagas.<\/p>\n\n\n\n<p>El evento fue el pasado s\u00e1bado 29 de abril, en el auditorio de la escuela b\u00e1sica Jos\u00e9 Ram\u00f3n Camejo, en el cual se presentaron, ante un numeroso p\u00fablico, diez agrupaciones que interpretaron coreograf\u00edas de distintos g\u00e9neros, entre ellos Danzas Enelay GH, FAEM Santa B\u00e1rbara, Danzas Pinceladas Pitoquin, Negros Kimbanganos de Lezama, Kimbanganos de San Rafael, Agrupaci\u00f3n Negro Primero, Danza Ritmo Arte y Tradici\u00f3n, Fundaci\u00f3n Danza Venezuela Viva y Danza Capullos de Venezuela.<\/p>\n\n\n\n<p>En medio de la celebraci\u00f3n, la profesora Silene Valero tom\u00f3 la palabra para expresar su agradecimiento, en primer lugar \u201ca Dios, agradecida con el alcalde Pedro Sol\u00f3rzano y tambi\u00e9n con Yoruma Mendoza, directora de Cultura de la Alcald\u00eda, por realizar este hermoso homenaje en donde participaron todas las manifestaciones de la localidad y se exalta la riqueza cultural de nuestro municipio\u00bb.<\/p>\n\n\n\n<p>Sobre el D\u00eda Internacional de la Danza es importante resaltar, que se celebra el 29 de abril, fecha fue propuesta en 1982 por el Consejo Internacional de la Danza (International Dance Council), una organizaci\u00f3n no gubernamental asociada a la UNESCO con sede en Par\u00eds.<\/p>\n\n\n\n<p>De acuerdo a lo contemplado por la UNESCIO, es una excelente oportunidad para reunir a todos los g\u00e9neros danc\u00edsticos y celebrar esta manifestaci\u00f3n art\u00edstica, que traspasa las barreras y uniendo al mundo en aras de la paz y la amistad con un lenguaje com\u00fan: la Danza.  <\/p>\n\n\n\n<p>Fotos alcald\u00eda<\/p>\n\n\n\n<p><\/p>\n","protected":false},"excerpt":{"rendered":"<p>Prensa alcald\u00eda.- En Altagracia de Orituco se celebr\u00f3 el D\u00eda internacional de la Danza en homenaje a la cultora del joropo y profesora Silene Valero, quien fue la figura central del evento donde estuvieron presentes agrupaciones de danzas y manifestaciones folkl\u00f3ricas del municipio Monagas. El evento fue el pasado s\u00e1bado<\/p>\n","protected":false},"author":2,"featured_media":6853,"comment_status":"open","ping_status":"open","sticky":false,"template":"","format":"standard","meta":{"advanced_seo_description":"","jetpack_seo_html_title":"","jetpack_seo_noindex":false,"_jetpack_memberships_contains_paid_content":false,"footnotes":"","jetpack_publicize_message":"","jetpack_publicize_feature_enabled":true,"jetpack_social_post_already_shared":true,"jetpack_social_options":{"image_generator_settings":{"template":"highway","enabled":false},"version":2}},"categories":[117,251],"tags":[8,7,32],"class_list":["post-6852","post","type-post","status-publish","format-standard","has-post-thumbnail","hentry","category-celebracion","category-webdealta","tag-altagraciadeorituco","tag-guarico","tag-webdealta",""],"jetpack_publicize_connections":[],"jetpack_featured_media_url":"https:\/\/webdealta.info\/wp-content\/uploads\/2023\/04\/danzas-2023-webdealta.png","jetpack_sharing_enabled":true,"jetpack_likes_enabled":true,"jetpack-related-posts":[],"jetpack_shortlink":"https:\/\/wp.me\/pcseDn-1Mw","_links":{"self":[{"href":"https:\/\/webdealta.info\/index.php?rest_route=\/wp\/v2\/posts\/6852","targetHints":{"allow":["GET"]}}],"collection":[{"href":"https:\/\/webdealta.info\/index.php?rest_route=\/wp\/v2\/posts"}],"about":[{"href":"https:\/\/webdealta.info\/index.php?rest_route=\/wp\/v2\/types\/post"}],"author":[{"embeddable":true,"href":"https:\/\/webdealta.info\/index.php?rest_route=\/wp\/v2\/users\/2"}],"replies":[{"embeddable":true,"href":"https:\/\/webdealta.info\/index.php?rest_route=%2Fwp%2Fv2%2Fcomments&post=6852"}],"version-history":[{"count":1,"href":"https:\/\/webdealta.info\/index.php?rest_route=\/wp\/v2\/posts\/6852\/revisions"}],"predecessor-version":[{"id":6854,"href":"https:\/\/webdealta.info\/index.php?rest_route=\/wp\/v2\/posts\/6852\/revisions\/6854"}],"wp:featuredmedia":[{"embeddable":true,"href":"https:\/\/webdealta.info\/index.php?rest_route=\/wp\/v2\/media\/6853"}],"wp:attachment":[{"href":"https:\/\/webdealta.info\/index.php?rest_route=%2Fwp%2Fv2%2Fmedia&parent=6852"}],"wp:term":[{"taxonomy":"category","embeddable":true,"href":"https:\/\/webdealta.info\/index.php?rest_route=%2Fwp%2Fv2%2Fcategories&post=6852"},{"taxonomy":"post_tag","embeddable":true,"href":"https:\/\/webdealta.info\/index.php?rest_route=%2Fwp%2Fv2%2Ftags&post=6852"}],"curies":[{"name":"wp","href":"https:\/\/api.w.org\/{rel}","templated":true}]}}