{"id":6848,"date":"2023-04-30T12:29:51","date_gmt":"2023-04-30T16:29:51","guid":{"rendered":"https:\/\/webdealta.info\/?p=6848"},"modified":"2023-04-30T12:29:52","modified_gmt":"2023-04-30T16:29:52","slug":"feria-universitaria-mostro-oportunidades-de-estudios-en-el-orituco","status":"publish","type":"post","link":"https:\/\/webdealta.info\/?p=6848","title":{"rendered":"Feria Universitaria mostr\u00f3 oportunidades de estudios en el Orituco"},"content":{"rendered":"\n<p>Prensa alcald\u00eda.-<\/p>\n\n\n\n<p>En las instalaciones de la escuela b\u00e1sica Jos\u00e9 Ram\u00f3n Camejo se llev\u00f3 a cabo, este s\u00e1bado 29 de abril, la Gran Feria Universitaria y de Exploraci\u00f3n Vocacional, con el objetivo de guiar la selecci\u00f3n de la carrera con las ofertas disponibles en las nueve casas de estudios superiores que hay en Altagracia de Orituco.<\/p>\n\n\n\n<p>El alcalde Pedro Sol\u00f3rzano, acompa\u00f1\u00f3 a los estudiantes en el recorrido, junto a la comandante Nubia Infante Alfaro, coordinadora de la Comisi\u00f3n Nacional de Uni\u00f3n C\u00edvico Militar de Unamujer; el Dr. Jos\u00e9 \u00c1ngel Torrealba, rector de la Universidad R\u00f3mulo Gallegos; el Dr. Jos\u00e9 \u00c1ngel Meza, Decano de Ciencias de la Salud de la UNERG; la Dra. Susana Sayegh, directora de la Red Educativa Comunal, el Dr. Luis Fern\u00e1ndez, Coordinador del n\u00facleo Altagracia y dem\u00e1s autoridades municipales.<\/p>\n\n\n\n<p>Los anfitriones fueron los integrantes de la Organizaci\u00f3n de Bienestar Estudiantil (OBE), movimiento que conjuntamente con la Red Educativa Comunal, planificaron la actividad a la cual asistieron alumnos de educaci\u00f3n media y diversificada, quienes hicieron el recorrido por los diferentes stands de cada universidad que hace vida en el municipio, para conocer las \u00e1reas de aprendizaje ofertadas.<\/p>\n\n\n\n<p>\u00abContamos con 9 universidades en nuestra ciudad y estanos haciendo grandes esfuerzos para convertirnos en una ciudad universitaria y me siento muy complacido de compartir con todos ustedes, tuvimos el sue\u00f1o de traer la universidad R\u00f3mulo Gallegos y gracias al presidente Nicolas Maduro a nuestro gobernador Jos\u00e9 V\u00e1squez, hemos cristalizado ese sue\u00f1o\u201d, dijo el alcalde Pedro Sol\u00f3rzano, al expresar sus impresiones sobre la Feria Universitaria.<\/p>\n\n\n\n<p>Por su parte, el Dr. Jos\u00e9 \u00c1ngel Torrealba, felicit\u00f3 a los estudiantes por el trabajo y la organizaci\u00f3n de la Gran Feria Universitaria e inst\u00f3 a todos a \u201ccontinuar dejando en alto en nombre de la ciudad a trav\u00e9s de los estudios.\u00bb<\/p>\n\n\n\n<p>Fotograf\u00edas  alcald\u00eda<\/p>\n","protected":false},"excerpt":{"rendered":"<p>Prensa alcald\u00eda.- En las instalaciones de la escuela b\u00e1sica Jos\u00e9 Ram\u00f3n Camejo se llev\u00f3 a cabo, este s\u00e1bado 29 de abril, la Gran Feria Universitaria y de Exploraci\u00f3n Vocacional, con el objetivo de guiar la selecci\u00f3n de la carrera con las ofertas disponibles en las nueve casas de estudios superiores<\/p>\n","protected":false},"author":2,"featured_media":6849,"comment_status":"open","ping_status":"open","sticky":false,"template":"","format":"standard","meta":{"advanced_seo_description":"","jetpack_seo_html_title":"","jetpack_seo_noindex":false,"_jetpack_memberships_contains_paid_content":false,"footnotes":"","jetpack_publicize_message":"","jetpack_publicize_feature_enabled":true,"jetpack_social_post_already_shared":true,"jetpack_social_options":{"image_generator_settings":{"template":"highway","enabled":false},"version":2}},"categories":[151,251],"tags":[8,7,32],"class_list":["post-6848","post","type-post","status-publish","format-standard","has-post-thumbnail","hentry","category-educacion","category-webdealta","tag-altagraciadeorituco","tag-guarico","tag-webdealta",""],"jetpack_publicize_connections":[],"jetpack_featured_media_url":"https:\/\/webdealta.info\/wp-content\/uploads\/2023\/04\/Feria-Universitaria-webdealta.png","jetpack_sharing_enabled":true,"jetpack_likes_enabled":true,"jetpack-related-posts":[],"jetpack_shortlink":"https:\/\/wp.me\/pcseDn-1Ms","_links":{"self":[{"href":"https:\/\/webdealta.info\/index.php?rest_route=\/wp\/v2\/posts\/6848","targetHints":{"allow":["GET"]}}],"collection":[{"href":"https:\/\/webdealta.info\/index.php?rest_route=\/wp\/v2\/posts"}],"about":[{"href":"https:\/\/webdealta.info\/index.php?rest_route=\/wp\/v2\/types\/post"}],"author":[{"embeddable":true,"href":"https:\/\/webdealta.info\/index.php?rest_route=\/wp\/v2\/users\/2"}],"replies":[{"embeddable":true,"href":"https:\/\/webdealta.info\/index.php?rest_route=%2Fwp%2Fv2%2Fcomments&post=6848"}],"version-history":[{"count":1,"href":"https:\/\/webdealta.info\/index.php?rest_route=\/wp\/v2\/posts\/6848\/revisions"}],"predecessor-version":[{"id":6850,"href":"https:\/\/webdealta.info\/index.php?rest_route=\/wp\/v2\/posts\/6848\/revisions\/6850"}],"wp:featuredmedia":[{"embeddable":true,"href":"https:\/\/webdealta.info\/index.php?rest_route=\/wp\/v2\/media\/6849"}],"wp:attachment":[{"href":"https:\/\/webdealta.info\/index.php?rest_route=%2Fwp%2Fv2%2Fmedia&parent=6848"}],"wp:term":[{"taxonomy":"category","embeddable":true,"href":"https:\/\/webdealta.info\/index.php?rest_route=%2Fwp%2Fv2%2Fcategories&post=6848"},{"taxonomy":"post_tag","embeddable":true,"href":"https:\/\/webdealta.info\/index.php?rest_route=%2Fwp%2Fv2%2Ftags&post=6848"}],"curies":[{"name":"wp","href":"https:\/\/api.w.org\/{rel}","templated":true}]}}