{"id":6844,"date":"2023-04-30T11:30:45","date_gmt":"2023-04-30T15:30:45","guid":{"rendered":"https:\/\/webdealta.info\/?p=6844"},"modified":"2023-04-30T11:30:46","modified_gmt":"2023-04-30T15:30:46","slug":"el-poder-del-conocimiento-diana-patricia-la-venezolana-que-inspiro-macarena","status":"publish","type":"post","link":"https:\/\/webdealta.info\/?p=6844","title":{"rendered":"El Poder del Conocimiento: Diana Patricia la venezolana que inspir\u00f3 Macarena"},"content":{"rendered":"\n<p>Amanda Saldivia.-<\/p>\n\n\n\n<p>Una canci\u00f3n espa\u00f1ola tiene un sitial especial en la historia musical del planeta y est\u00e1 vinculada a nuestro pa\u00eds. El disco donde estaba incluido el popular tema vendi\u00f3 110 millones de copias y se mantuvo durante 14 semanas en el n\u00famero 1 en el ranking estadounidense Billbord.<\/p>\n\n\n\n<p>El \u00e9xito fue que tal, que esa canci\u00f3n fue utilizada en la campa\u00f1a electoral para la reelecci\u00f3n de Bill Clinton a presidencia de Estados Unidos. Ese mandatario realiz\u00f3 una visita oficial a Venezuela en el a\u00f1o 1997 y fue recibido por el presidente para ese momento, el Dr. Rafael Caldera.<\/p>\n\n\n\n<p>Como parte del agasajo a Bill Clinton, hubo una cena donde pudo conocer a Diana Patricia, la bailadora de flamenco venezolana que inspir\u00f3 la composici\u00f3n que lleva por t\u00edtulo Macarena de la agrupaci\u00f3n Los del R\u00edo, un d\u00fao espa\u00f1ol integrado por Antonio Romero y Rafael Ruiz.<\/p>\n\n\n\n<p>En el portal elmundo.es publicaron un art\u00edculo sobre esta interesante historia. Aunque hay dos versiones sobre el momento en el cual se da el encuentro de Los del R\u00edo con Diana Patricia, lo que da pas\u00f3 a la composici\u00f3n de Macarena, en ambas queda claro que en medio de una improvisaci\u00f3n Antonio Romero vio la gracia de Diana Patricia al bailar flamenco y solt\u00f3 la frase: \u201cDale a tu cuerpo alegr\u00eda, Magdalena, que tu cuerpo es pa\u00b4darle alegr\u00eda y cosa buena\u201d.<\/p>\n\n\n\n<p>El compositor cont\u00f3 en la entrevista, que ese Magdalena inicial fue cambiado por Macarena, porque una de sus hijas lleva ese nombre y por ser devotos de esa Virgen. El resto de la pegajosa canci\u00f3n fue compuesta al llegar al hotel, luego de que pasaron un rato ameno junto a Diana Patricia, la venezolana que inspir\u00f3 una de las canciones en espa\u00f1ol m\u00e1s famosas de la historia.<\/p>\n\n\n\n<p>A ella tambi\u00e9n la vida le cambi\u00f3. Pas\u00f3 de ser Diana Patricia Cubill\u00e1n, la bailadora de flamenco, a Diana Patricia La Macarena del Mundo. Ese tema catapult\u00f3 su carrera art\u00edstica, daba hasta 15 entrevistas diarias y era contratada para los eventos m\u00e1s importantes dentro y fuera del pa\u00eds.<\/p>\n\n\n\n<p>Para orgullo de los venezolanos, el popular tema Macarena, siempre ser\u00e1 referencia positiva sobre Venezuela y la gracia de esta talentosa jovencita caraque\u00f1a de 21 a\u00f1os de edad, que inspir\u00f3 a Antonio Romero, integrante del d\u00fao Los del R\u00edo, para que soltara esa improvisaci\u00f3n que a\u00f1os m\u00e1s tarde se transform\u00f3 en una de las canciones m\u00e1s famosas del del mundo.<\/p>\n\n\n\n<p>Ese fue el tema de la semana en la serie de micros El Poder del Conocimiento, iniciativa de la empresa Promasorca, con la finalidad de enriquecer los saberes con historias y curiosidades de Venezuela y el mundo.<\/p>\n\n\n\n<p>@amandasaldivia <\/p>\n\n\n\n<p><\/p>\n","protected":false},"excerpt":{"rendered":"<p>Amanda Saldivia.- Una canci\u00f3n espa\u00f1ola tiene un sitial especial en la historia musical del planeta y est\u00e1 vinculada a nuestro pa\u00eds. El disco donde estaba incluido el popular tema vendi\u00f3 110 millones de copias y se mantuvo durante 14 semanas en el n\u00famero 1 en el ranking estadounidense Billbord. El<\/p>\n","protected":false},"author":2,"featured_media":6845,"comment_status":"open","ping_status":"open","sticky":false,"template":"","format":"standard","meta":{"advanced_seo_description":"","jetpack_seo_html_title":"","jetpack_seo_noindex":false,"_jetpack_memberships_contains_paid_content":false,"footnotes":"","jetpack_publicize_message":"","jetpack_publicize_feature_enabled":true,"jetpack_social_post_already_shared":true,"jetpack_social_options":{"image_generator_settings":{"template":"highway","enabled":false},"version":2}},"categories":[302,251],"tags":[8,7,32],"class_list":["post-6844","post","type-post","status-publish","format-standard","has-post-thumbnail","hentry","category-el-poder-del-conocimiento","category-webdealta","tag-altagraciadeorituco","tag-guarico","tag-webdealta",""],"jetpack_publicize_connections":[],"jetpack_featured_media_url":"https:\/\/webdealta.info\/wp-content\/uploads\/2023\/04\/webdealta-el-poder-del-conocimiento-macarena.png","jetpack_sharing_enabled":true,"jetpack_likes_enabled":true,"jetpack-related-posts":[],"jetpack_shortlink":"https:\/\/wp.me\/pcseDn-1Mo","_links":{"self":[{"href":"https:\/\/webdealta.info\/index.php?rest_route=\/wp\/v2\/posts\/6844","targetHints":{"allow":["GET"]}}],"collection":[{"href":"https:\/\/webdealta.info\/index.php?rest_route=\/wp\/v2\/posts"}],"about":[{"href":"https:\/\/webdealta.info\/index.php?rest_route=\/wp\/v2\/types\/post"}],"author":[{"embeddable":true,"href":"https:\/\/webdealta.info\/index.php?rest_route=\/wp\/v2\/users\/2"}],"replies":[{"embeddable":true,"href":"https:\/\/webdealta.info\/index.php?rest_route=%2Fwp%2Fv2%2Fcomments&post=6844"}],"version-history":[{"count":1,"href":"https:\/\/webdealta.info\/index.php?rest_route=\/wp\/v2\/posts\/6844\/revisions"}],"predecessor-version":[{"id":6846,"href":"https:\/\/webdealta.info\/index.php?rest_route=\/wp\/v2\/posts\/6844\/revisions\/6846"}],"wp:featuredmedia":[{"embeddable":true,"href":"https:\/\/webdealta.info\/index.php?rest_route=\/wp\/v2\/media\/6845"}],"wp:attachment":[{"href":"https:\/\/webdealta.info\/index.php?rest_route=%2Fwp%2Fv2%2Fmedia&parent=6844"}],"wp:term":[{"taxonomy":"category","embeddable":true,"href":"https:\/\/webdealta.info\/index.php?rest_route=%2Fwp%2Fv2%2Fcategories&post=6844"},{"taxonomy":"post_tag","embeddable":true,"href":"https:\/\/webdealta.info\/index.php?rest_route=%2Fwp%2Fv2%2Ftags&post=6844"}],"curies":[{"name":"wp","href":"https:\/\/api.w.org\/{rel}","templated":true}]}}