{"id":6841,"date":"2023-04-29T16:24:23","date_gmt":"2023-04-29T20:24:23","guid":{"rendered":"https:\/\/webdealta.info\/?p=6841"},"modified":"2023-04-29T16:24:24","modified_gmt":"2023-04-29T20:24:24","slug":"con-alegria-y-gozo-celebraron-los-15-anos-de-beatificacion-de-madre-candelaria","status":"publish","type":"post","link":"https:\/\/webdealta.info\/?p=6841","title":{"rendered":"Con alegr\u00eda y gozo celebraron los 15 a\u00f1os de beatificaci\u00f3n de Madre Candelaria"},"content":{"rendered":"\n<p>Amanda Saldivia.-<\/p>\n\n\n\n<p>Con alegr\u00eda y el gozo de celebrar que en esta tierra orituque\u00f1a naci\u00f3 Susana Paz Castillo, la segunda beata de Venezuela, Monse\u00f1or Ram\u00f3n Jos\u00e9 Aponte, Obispo de la Di\u00f3cesis de Valle de la Pascua, presidi\u00f3 la Misa de Acci\u00f3n de Gracias para recordar que hace 15 a\u00f1os fue beatificada la Madre Candelaria de San Jos\u00e9.<\/p>\n\n\n\n<p>Lo que se vivi\u00f3 en la ma\u00f1ana de este s\u00e1bado 29 de abril, en la cancha del sector La Cuman\u00e1 de Altagracia de Orituco, fue una fiesta de todo el arciprestazgo que agrupa a las parroquias eclesi\u00e1sticas del municipio Jos\u00e9 Tadeo Monagas y de San Jos\u00e9 de Guaribe, con la presencia de los sacerdotes y seguidores de la obra la Madre Candelaria.<\/p>\n\n\n\n<p>La celebraci\u00f3n comenz\u00f3 con animaci\u00f3n musical para revivir lo que registr\u00f3 el 27 de abril de 2008, cuando en Caracas se ley\u00f3 el decreto y se devel\u00f3 la gigantograf\u00eda con la imagen de quien oficialmente se convirti\u00f3 en la segunda Beata de Venezuela.<\/p>\n\n\n\n<p>Posteriormente, las hermanas Carmelitas de Madre Candelaria entronizaci\u00f3n la reliquia que reposar\u00e1 en la tierra donde naci\u00f3 Susana Paz Castillo, como parte de la solemnidad de una celebraci\u00f3n importante, dado el reconocimiento que dio el Vaticano a la obra de tan destacada gracitana que fue elevada a los altares.<\/p>\n\n\n\n<p>Entre los invitados especiales estuvo el alcalde Pedro Sol\u00f3rzano, quien junto a su equipo apoy\u00f3 la festividad, al tiempo que convers\u00f3 con monse\u00f1or Ram\u00f3n Jos\u00e9 Aponte sobre las gestiones que realiza para viabilizar la construcci\u00f3n del santuario de la Madre Candelaria, como parte del impulso al turismo religioso en esta regi\u00f3n del estado Gu\u00e1rico.<\/p>\n\n\n\n<p>La cancha La Cuman\u00e1, ubicada en la calle Chapaiguana de Altagracia de Orituco, est\u00e1 al lado de la Casa Hogar Madre Candelaria, donde reciben atenci\u00f3n m\u00e1s de 15 ni\u00f1as. Igualmente, en la base del cerro Lucena, donde estuvo el hospital San Antonio, obra de la cual form\u00f3 parte Susana Paz Castillo en el a\u00f1o 1903, para definitivamente decidir el servicio a Dios.<\/p>\n\n\n\n<p>Ah\u00ed continu\u00f3 la atenci\u00f3n a los enfermos, fue formada como religiosa, lo que la llev\u00f3 a\u00f1os m\u00e1s tarde a compromisos fuera de su tierra natal, al punto de que su obra es de impacto nacional e internacional.<\/p>\n\n\n\n<p>@amandasaldivia  <\/p>\n\n\n\n<p><\/p>\n","protected":false},"excerpt":{"rendered":"<p>Amanda Saldivia.- Con alegr\u00eda y el gozo de celebrar que en esta tierra orituque\u00f1a naci\u00f3 Susana Paz Castillo, la segunda beata de Venezuela, Monse\u00f1or Ram\u00f3n Jos\u00e9 Aponte, Obispo de la Di\u00f3cesis de Valle de la Pascua, presidi\u00f3 la Misa de Acci\u00f3n de Gracias para recordar que hace 15 a\u00f1os fue<\/p>\n","protected":false},"author":2,"featured_media":6842,"comment_status":"open","ping_status":"open","sticky":false,"template":"","format":"standard","meta":{"advanced_seo_description":"","jetpack_seo_html_title":"","jetpack_seo_noindex":false,"_jetpack_memberships_contains_paid_content":false,"footnotes":"","jetpack_publicize_message":"","jetpack_publicize_feature_enabled":true,"jetpack_social_post_already_shared":true,"jetpack_social_options":{"image_generator_settings":{"template":"highway","enabled":false},"version":2}},"categories":[117,314,251],"tags":[8,7,32],"class_list":["post-6841","post","type-post","status-publish","format-standard","has-post-thumbnail","hentry","category-celebracion","category-historias-de-fe","category-webdealta","tag-altagraciadeorituco","tag-guarico","tag-webdealta",""],"jetpack_publicize_connections":[],"jetpack_featured_media_url":"https:\/\/webdealta.info\/wp-content\/uploads\/2023\/04\/15-anos-madre-candelaria-webdealta.png","jetpack_sharing_enabled":true,"jetpack_likes_enabled":true,"jetpack-related-posts":[],"jetpack_shortlink":"https:\/\/wp.me\/pcseDn-1Ml","_links":{"self":[{"href":"https:\/\/webdealta.info\/index.php?rest_route=\/wp\/v2\/posts\/6841","targetHints":{"allow":["GET"]}}],"collection":[{"href":"https:\/\/webdealta.info\/index.php?rest_route=\/wp\/v2\/posts"}],"about":[{"href":"https:\/\/webdealta.info\/index.php?rest_route=\/wp\/v2\/types\/post"}],"author":[{"embeddable":true,"href":"https:\/\/webdealta.info\/index.php?rest_route=\/wp\/v2\/users\/2"}],"replies":[{"embeddable":true,"href":"https:\/\/webdealta.info\/index.php?rest_route=%2Fwp%2Fv2%2Fcomments&post=6841"}],"version-history":[{"count":1,"href":"https:\/\/webdealta.info\/index.php?rest_route=\/wp\/v2\/posts\/6841\/revisions"}],"predecessor-version":[{"id":6843,"href":"https:\/\/webdealta.info\/index.php?rest_route=\/wp\/v2\/posts\/6841\/revisions\/6843"}],"wp:featuredmedia":[{"embeddable":true,"href":"https:\/\/webdealta.info\/index.php?rest_route=\/wp\/v2\/media\/6842"}],"wp:attachment":[{"href":"https:\/\/webdealta.info\/index.php?rest_route=%2Fwp%2Fv2%2Fmedia&parent=6841"}],"wp:term":[{"taxonomy":"category","embeddable":true,"href":"https:\/\/webdealta.info\/index.php?rest_route=%2Fwp%2Fv2%2Fcategories&post=6841"},{"taxonomy":"post_tag","embeddable":true,"href":"https:\/\/webdealta.info\/index.php?rest_route=%2Fwp%2Fv2%2Ftags&post=6841"}],"curies":[{"name":"wp","href":"https:\/\/api.w.org\/{rel}","templated":true}]}}