{"id":6836,"date":"2023-04-27T21:35:07","date_gmt":"2023-04-28T01:35:07","guid":{"rendered":"https:\/\/webdealta.info\/?p=6836"},"modified":"2023-04-27T21:35:08","modified_gmt":"2023-04-28T01:35:08","slug":"en-promasorca-cerro-ruta-especial-el-iee-altagracia","status":"publish","type":"post","link":"https:\/\/webdealta.info\/?p=6836","title":{"rendered":"En Promasorca cerr\u00f3 Ruta Especial el IEE Altagracia"},"content":{"rendered":"\n<p>Amanda Saldivia.-<\/p>\n\n\n\n<p>La Ruta Especial del IEE Altagracia lleg\u00f3 a la empresa Promasorca para cerrar el Mes de Educaci\u00f3n Especial en la regi\u00f3n del Orituco, jornada que busca concienciar a los ciudadanos sobre las diferentes condiciones de los ni\u00f1os con discapacidad y que \u201cser diferentes es algo com\u00fan\u201d.<\/p>\n\n\n\n<p>El grupo estuvo integrado por m\u00e1s de 60 personas, entre ni\u00f1os, maestras, representantes y coro Manos Blancas, liderados por la profesora Marcia Vel\u00e1squez, directora del Instituto de Educaci\u00f3n Altagracia, quienes fueron recibidos por Leonardo Lagazzi, gerente general de la citada empresa dedicada al almacenaje, acondicionamiento y venta de cereales.<\/p>\n\n\n\n<p>La profesora Marcia Vel\u00e1squez, aprovech\u00f3 la ocasi\u00f3n para reconocer el apoyo que reciben de la familia De Angelis, porque ellos cubren el mantenimiento de la unidad de transporte que viabiliza el traslado de los ni\u00f1os hasta la sede del instituto, el cual est\u00e1 ubicado en la urbanizaci\u00f3n El Diamante de Altagracia de Orituco.<\/p>\n\n\n\n<p>\u201cNosotros estamos muy agradecidos con esta empresa y con la hacienda Curipa, porque han sido nuestros \u00e1ngeles, lo digo siempre, porque nuestro transporte est\u00e1 funcionando y funciona gracias al gran coraz\u00f3n que han tenido ustedes con la educaci\u00f3n especial y sobre todo con estos ni\u00f1os, porque sin ustedes yo pienso que no ser\u00eda posible que asistieran la escuela, son 12 pasajes que tendr\u00edan que pagar muchos padres para poder llevar a sus ni\u00f1os\u201d, expres\u00f3 la profesora Vel\u00e1squez.<\/p>\n\n\n\n<p>Sobre la Ruta Especial, destac\u00f3 que la idea fue concienciar y sensibilizar acerca de las personas con discapacidad, de all\u00ed que durante el mes visitaron instituciones, cuerpos de seguridad y empresas con un mensaje de inclusi\u00f3n.<\/p>\n\n\n\n<p>@amandasaldivia  <\/p>\n\n\n\n<p><\/p>\n","protected":false},"excerpt":{"rendered":"<p>Amanda Saldivia.- La Ruta Especial del IEE Altagracia lleg\u00f3 a la empresa Promasorca para cerrar el Mes de Educaci\u00f3n Especial en la regi\u00f3n del Orituco, jornada que busca concienciar a los ciudadanos sobre las diferentes condiciones de los ni\u00f1os con discapacidad y que \u201cser diferentes es algo com\u00fan\u201d. El grupo<\/p>\n","protected":false},"author":2,"featured_media":6837,"comment_status":"open","ping_status":"open","sticky":false,"template":"","format":"standard","meta":{"advanced_seo_description":"","jetpack_seo_html_title":"","jetpack_seo_noindex":false,"_jetpack_memberships_contains_paid_content":false,"footnotes":"","jetpack_publicize_message":"","jetpack_publicize_feature_enabled":true,"jetpack_social_post_already_shared":true,"jetpack_social_options":{"image_generator_settings":{"template":"highway","enabled":false},"version":2}},"categories":[151,251],"tags":[8,7,32],"class_list":["post-6836","post","type-post","status-publish","format-standard","has-post-thumbnail","hentry","category-educacion","category-webdealta","tag-altagraciadeorituco","tag-guarico","tag-webdealta",""],"jetpack_publicize_connections":[],"jetpack_featured_media_url":"https:\/\/webdealta.info\/wp-content\/uploads\/2023\/04\/rita-especial-en-promasorca-webdealta.png","jetpack_sharing_enabled":true,"jetpack_likes_enabled":true,"jetpack-related-posts":[],"jetpack_shortlink":"https:\/\/wp.me\/pcseDn-1Mg","_links":{"self":[{"href":"https:\/\/webdealta.info\/index.php?rest_route=\/wp\/v2\/posts\/6836","targetHints":{"allow":["GET"]}}],"collection":[{"href":"https:\/\/webdealta.info\/index.php?rest_route=\/wp\/v2\/posts"}],"about":[{"href":"https:\/\/webdealta.info\/index.php?rest_route=\/wp\/v2\/types\/post"}],"author":[{"embeddable":true,"href":"https:\/\/webdealta.info\/index.php?rest_route=\/wp\/v2\/users\/2"}],"replies":[{"embeddable":true,"href":"https:\/\/webdealta.info\/index.php?rest_route=%2Fwp%2Fv2%2Fcomments&post=6836"}],"version-history":[{"count":1,"href":"https:\/\/webdealta.info\/index.php?rest_route=\/wp\/v2\/posts\/6836\/revisions"}],"predecessor-version":[{"id":6838,"href":"https:\/\/webdealta.info\/index.php?rest_route=\/wp\/v2\/posts\/6836\/revisions\/6838"}],"wp:featuredmedia":[{"embeddable":true,"href":"https:\/\/webdealta.info\/index.php?rest_route=\/wp\/v2\/media\/6837"}],"wp:attachment":[{"href":"https:\/\/webdealta.info\/index.php?rest_route=%2Fwp%2Fv2%2Fmedia&parent=6836"}],"wp:term":[{"taxonomy":"category","embeddable":true,"href":"https:\/\/webdealta.info\/index.php?rest_route=%2Fwp%2Fv2%2Fcategories&post=6836"},{"taxonomy":"post_tag","embeddable":true,"href":"https:\/\/webdealta.info\/index.php?rest_route=%2Fwp%2Fv2%2Ftags&post=6836"}],"curies":[{"name":"wp","href":"https:\/\/api.w.org\/{rel}","templated":true}]}}