{"id":6824,"date":"2023-04-26T20:33:51","date_gmt":"2023-04-27T00:33:51","guid":{"rendered":"https:\/\/webdealta.info\/?p=6824"},"modified":"2023-04-26T20:33:53","modified_gmt":"2023-04-27T00:33:53","slug":"fiesta-patronal-en-san-jose-obrero-desde-el-sabado-29-hasta-el-1ro-de-mayo","status":"publish","type":"post","link":"https:\/\/webdealta.info\/?p=6824","title":{"rendered":"Fiesta patronal en San Jos\u00e9 Obrero desde el s\u00e1bado 29 hasta el 1ro. de mayo"},"content":{"rendered":"\n<p>Amanda Saldivia.-<\/p>\n\n\n\n<p>El lema \u201cCon mi trabajo, a ejemplo de San Jos\u00e9 Obrero, contribuyo a enriquecer y a transformar el mundo\u201d, fue el escogido por el padre Luis M\u00e1rquez y el equipo pastoral, a prop\u00f3sito de la celebraci\u00f3n de la fiesta parroquial que inicia el pr\u00f3ximo s\u00e1bado 29 y culmina el lunes primero de mayo.<\/p>\n\n\n\n<p>En el programa Tiempo de Cambios de este mi\u00e9rcoles 26 de abril, Miguel Aular y Andy Laya, integrantes del equipo pastoral dieron a conocer la programaci\u00f3n y aprovecharon la oportunidad para invitar a todo el municipio Monagas a que se una en torno a la figura de San Jos\u00e9 Obrero en la faceta de trabajador, de hombre de fe que dio ejemplo con su dedicaci\u00f3n a las labores como carpintero.<\/p>\n\n\n\n<p>Entre los detalles aportados, mencionaron en primer lugar la asistencia a los actos programados por cumplirse 15 a\u00f1os de la beatificaci\u00f3n de la Madre Candelaria de San Jos\u00e9, motivo por el cual estar\u00e1n en el cerro Lucena, donde el obispo Ram\u00f3n Jos\u00e9 Aponte oficiar\u00e1 la misa de Acci\u00f3n de Gracias, junto al resto de los sacerdotes del arciprestazgo, el s\u00e1bado 29 de abril, a las 9:00 am.<\/p>\n\n\n\n<p>Ese mismo d\u00eda, pero en horas de la tarde, habr\u00e1 bailoterapia y un torneo de Domin\u00f3, actividades pro fondos de la restauraci\u00f3n del templo parroquial que se llevar\u00e1n a cabo en la cancha de sector Banco Obrero, a partir de las 5:00 pm, seg\u00fan explicaron ambos voceros.<\/p>\n\n\n\n<p>Para el d\u00eda domingo est\u00e1 pautada las eucar\u00edsticas de las 7:00 am y 9:00 am, adem\u00e1s del Domingo Familiar en la casa Canarias, donde habr\u00e1 el primer festival de canto San Jos\u00e9 Obrero y la Pasarela de la Santidad, que incluye el desfile de 12 ni\u00f1as con las fantas\u00edas alusivas al Santo de cada una de las comunidades que integran esa parroquia.<\/p>\n\n\n\n<p>El d\u00eda central de la celebraci\u00f3n patronal ser\u00e1 el lunes primero de mayo. A las 10:00 am habr\u00e1 Santa Misa, oficiada por Monse\u00f1or Ram\u00f3n Jos\u00e9 Aponte y el resto de los sacerdotes del arciprestazgo, para dar paso en la tarde a otra eucarist\u00eda con el padre Santiago Le\u00f3n, a las 5:00 pm, luego la procesi\u00f3n con la imagen de San Jos\u00e9 Obrero y culmina en el templo con una Serenata.<\/p>\n\n\n\n<p>@amandasaldivia  <\/p>\n\n\n\n<p><\/p>\n","protected":false},"excerpt":{"rendered":"<p>Amanda Saldivia.- El lema \u201cCon mi trabajo, a ejemplo de San Jos\u00e9 Obrero, contribuyo a enriquecer y a transformar el mundo\u201d, fue el escogido por el padre Luis M\u00e1rquez y el equipo pastoral, a prop\u00f3sito de la celebraci\u00f3n de la fiesta parroquial que inicia el pr\u00f3ximo s\u00e1bado 29 y culmina<\/p>\n","protected":false},"author":2,"featured_media":6825,"comment_status":"open","ping_status":"open","sticky":false,"template":"","format":"standard","meta":{"advanced_seo_description":"","jetpack_seo_html_title":"","jetpack_seo_noindex":false,"_jetpack_memberships_contains_paid_content":false,"footnotes":"","jetpack_publicize_message":"","jetpack_publicize_feature_enabled":true,"jetpack_social_post_already_shared":true,"jetpack_social_options":{"image_generator_settings":{"template":"highway","enabled":false},"version":2}},"categories":[42,251],"tags":[8,7,32],"class_list":["post-6824","post","type-post","status-publish","format-standard","has-post-thumbnail","hentry","category-iglesia-catolica","category-webdealta","tag-altagraciadeorituco","tag-guarico","tag-webdealta",""],"jetpack_publicize_connections":[],"jetpack_featured_media_url":"https:\/\/webdealta.info\/wp-content\/uploads\/2023\/04\/fiesta-patronal-san-jose-obrero.png","jetpack_sharing_enabled":true,"jetpack_likes_enabled":true,"jetpack-related-posts":[],"jetpack_shortlink":"https:\/\/wp.me\/pcseDn-1M4","_links":{"self":[{"href":"https:\/\/webdealta.info\/index.php?rest_route=\/wp\/v2\/posts\/6824","targetHints":{"allow":["GET"]}}],"collection":[{"href":"https:\/\/webdealta.info\/index.php?rest_route=\/wp\/v2\/posts"}],"about":[{"href":"https:\/\/webdealta.info\/index.php?rest_route=\/wp\/v2\/types\/post"}],"author":[{"embeddable":true,"href":"https:\/\/webdealta.info\/index.php?rest_route=\/wp\/v2\/users\/2"}],"replies":[{"embeddable":true,"href":"https:\/\/webdealta.info\/index.php?rest_route=%2Fwp%2Fv2%2Fcomments&post=6824"}],"version-history":[{"count":1,"href":"https:\/\/webdealta.info\/index.php?rest_route=\/wp\/v2\/posts\/6824\/revisions"}],"predecessor-version":[{"id":6826,"href":"https:\/\/webdealta.info\/index.php?rest_route=\/wp\/v2\/posts\/6824\/revisions\/6826"}],"wp:featuredmedia":[{"embeddable":true,"href":"https:\/\/webdealta.info\/index.php?rest_route=\/wp\/v2\/media\/6825"}],"wp:attachment":[{"href":"https:\/\/webdealta.info\/index.php?rest_route=%2Fwp%2Fv2%2Fmedia&parent=6824"}],"wp:term":[{"taxonomy":"category","embeddable":true,"href":"https:\/\/webdealta.info\/index.php?rest_route=%2Fwp%2Fv2%2Fcategories&post=6824"},{"taxonomy":"post_tag","embeddable":true,"href":"https:\/\/webdealta.info\/index.php?rest_route=%2Fwp%2Fv2%2Ftags&post=6824"}],"curies":[{"name":"wp","href":"https:\/\/api.w.org\/{rel}","templated":true}]}}