{"id":6820,"date":"2023-04-26T06:50:03","date_gmt":"2023-04-26T10:50:03","guid":{"rendered":"https:\/\/webdealta.info\/?p=6820"},"modified":"2023-04-26T06:50:04","modified_gmt":"2023-04-26T10:50:04","slug":"en-alto-riesgo-familias-del-sector-pena-de-mota","status":"publish","type":"post","link":"https:\/\/webdealta.info\/?p=6820","title":{"rendered":"En alto riesgo familias del sector Pe\u00f1a de Mota"},"content":{"rendered":"\n<p>Amanda Saldivia.-<\/p>\n\n\n\n<p>En alto riesgo est\u00e1n ocho familias de Pe\u00f1a de Mota, sector de Altagracia de Orituco, Gu\u00e1rico, donde hay evidencias de inestabilidad del terreno en pleno per\u00edodo seco, lo que encendi\u00f3 las alarmas de los afectados.<\/p>\n\n\n\n<p>Las autoridades est\u00e1n al tanto del problema, pero faltan las acciones concretas, expresaron los jefes de las familias en el programa Tiempo de Cambios de este martes 25 de abril, espacio radial que se transmite a trav\u00e9s de la emisora Activa 104.9 FM y al cual asistieron acompa\u00f1ados por el concejal Luis Laya (MUD).<\/p>\n\n\n\n<p>N\u00e9stor Bencomo, habitante del sector La Vuelta, explic\u00f3 que su vivienda est\u00e1 a punto de colapsar, como ocurri\u00f3 con otras dos hace m\u00e1s de un mes, cuando en pleno per\u00edodo seco la tierra comenz\u00f3 a deslizarse.<\/p>\n\n\n\n<p>En el caso de los vecinos del sector Las Casitas, Rafael Guacache, Mario Jos\u00e9 Chaparro, Juan Ram\u00f3n Hern\u00e1ndez y Eleazar Estanga, las viviendas que habitan presentaron facturas de la losa y hasta se derrumbaron paredes en 2022, raz\u00f3n por la cual temen que el desplomen al llegar el pr\u00f3ximo per\u00edodo lluvioso.<\/p>\n\n\n\n<p>Por su parte, el concejal Luis Laya, quien acompa\u00f1a las gestiones de los afectados, precis\u00f3 que espera el informe de Protecci\u00f3n Civil para elevarlo al Concejo Municipal y al Consejo Legislativo del estado Gu\u00e1rico, adem\u00e1s de otras instancias nacionales.<\/p>\n\n\n\n<p>Sin embargo, aprovech\u00f3 el espacio radial para hacer el llamado al alcalde Pedro Sol\u00f3rzano y al gobernador Jos\u00e9 V\u00e1squez, a los fines de que atiendan la situaci\u00f3n de riesgo que atraviesan estas familias del Orituco.<\/p>\n\n\n\n<p>@amandasaldivia  <\/p>\n\n\n\n<p><\/p>\n","protected":false},"excerpt":{"rendered":"<p>Amanda Saldivia.- En alto riesgo est\u00e1n ocho familias de Pe\u00f1a de Mota, sector de Altagracia de Orituco, Gu\u00e1rico, donde hay evidencias de inestabilidad del terreno en pleno per\u00edodo seco, lo que encendi\u00f3 las alarmas de los afectados. Las autoridades est\u00e1n al tanto del problema, pero faltan las acciones concretas, expresaron<\/p>\n","protected":false},"author":2,"featured_media":6821,"comment_status":"open","ping_status":"open","sticky":false,"template":"","format":"standard","meta":{"advanced_seo_description":"","jetpack_seo_html_title":"","jetpack_seo_noindex":false,"_jetpack_memberships_contains_paid_content":false,"footnotes":"","jetpack_publicize_message":"","jetpack_publicize_feature_enabled":true,"jetpack_social_post_already_shared":true,"jetpack_social_options":{"image_generator_settings":{"template":"highway","enabled":false},"version":2}},"categories":[197,335,251],"tags":[8,7,32],"class_list":["post-6820","post","type-post","status-publish","format-standard","has-post-thumbnail","hentry","category-denuncia","category-locales","category-webdealta","tag-altagraciadeorituco","tag-guarico","tag-webdealta",""],"jetpack_publicize_connections":[],"jetpack_featured_media_url":"https:\/\/webdealta.info\/wp-content\/uploads\/2023\/04\/pena-de-mata-lluvias-2023.png","jetpack_sharing_enabled":true,"jetpack_likes_enabled":true,"jetpack-related-posts":[],"jetpack_shortlink":"https:\/\/wp.me\/pcseDn-1M0","_links":{"self":[{"href":"https:\/\/webdealta.info\/index.php?rest_route=\/wp\/v2\/posts\/6820","targetHints":{"allow":["GET"]}}],"collection":[{"href":"https:\/\/webdealta.info\/index.php?rest_route=\/wp\/v2\/posts"}],"about":[{"href":"https:\/\/webdealta.info\/index.php?rest_route=\/wp\/v2\/types\/post"}],"author":[{"embeddable":true,"href":"https:\/\/webdealta.info\/index.php?rest_route=\/wp\/v2\/users\/2"}],"replies":[{"embeddable":true,"href":"https:\/\/webdealta.info\/index.php?rest_route=%2Fwp%2Fv2%2Fcomments&post=6820"}],"version-history":[{"count":1,"href":"https:\/\/webdealta.info\/index.php?rest_route=\/wp\/v2\/posts\/6820\/revisions"}],"predecessor-version":[{"id":6822,"href":"https:\/\/webdealta.info\/index.php?rest_route=\/wp\/v2\/posts\/6820\/revisions\/6822"}],"wp:featuredmedia":[{"embeddable":true,"href":"https:\/\/webdealta.info\/index.php?rest_route=\/wp\/v2\/media\/6821"}],"wp:attachment":[{"href":"https:\/\/webdealta.info\/index.php?rest_route=%2Fwp%2Fv2%2Fmedia&parent=6820"}],"wp:term":[{"taxonomy":"category","embeddable":true,"href":"https:\/\/webdealta.info\/index.php?rest_route=%2Fwp%2Fv2%2Fcategories&post=6820"},{"taxonomy":"post_tag","embeddable":true,"href":"https:\/\/webdealta.info\/index.php?rest_route=%2Fwp%2Fv2%2Ftags&post=6820"}],"curies":[{"name":"wp","href":"https:\/\/api.w.org\/{rel}","templated":true}]}}