{"id":6811,"date":"2023-04-23T21:11:33","date_gmt":"2023-04-24T01:11:33","guid":{"rendered":"https:\/\/webdealta.info\/?p=6811"},"modified":"2023-04-23T21:11:35","modified_gmt":"2023-04-24T01:11:35","slug":"en-5-municipios-inicio-jornada-de-prevencion-de-inundaciones","status":"publish","type":"post","link":"https:\/\/webdealta.info\/?p=6811","title":{"rendered":"En 5 municipios inici\u00f3 jornada de prevenci\u00f3n de inundaciones"},"content":{"rendered":"\n<p>A trav\u00e9s del equipo de la Fundaci\u00f3n Patria Socialista, presidido por Soraima Pic, inici\u00f3 la jornada especial de prevenci\u00f3n de inundaci\u00f3n en el estado Gu\u00e1rico, este plan busca garantizar el bienestar de la poblaci\u00f3n mediante el mantenimiento del alcantarillado en esta temporada de lluvias.<\/p>\n\n\n\n<p>Al respecto el gobernador, Jos\u00e9 V\u00e1squez, v\u00eda red social Instagram indic\u00f3 que \u201cel pueblo unido y organizado ser\u00e1 nuestra mejor herramienta de prevenci\u00f3n de da\u00f1os en todo el estado\u201d, refiriendo que los trabajos de la jornada de prevenci\u00f3n marchan perfectamente, gracias al apoyo de los miembros del Plan Soy Gu\u00e1rico y al Poder Popular del punto y c\u00edrculo.<\/p>\n\n\n\n<p>En este sentido, la presidenta de la Fundaci\u00f3n Patria Socialista, Soraima Pic, coment\u00f3 que los trabajos de esta jornada especial comenzaron satisfactoriamente en el municipio Juli\u00e1n Mellado, por lo cual esta acci\u00f3n ser\u00e1 extendida para 5 municipios: Ortiz, Juan Jos\u00e9 Rond\u00f3n, El Socorro y Santa Mar\u00eda de Ipire.<\/p>\n\n\n\n<p>Es importante mencionar que Marco Calle, comisionado territorial del municipio Juli\u00e1n Mellado, expres\u00f3 su entusiasmo al ver que se le est\u00e1 dando respuesta al pueblo, \u201cgracias a su ayuda gobernador Jos\u00e9 V\u00e1squez, estamos limpiando estas quebradas que son importantes para prevenir las afectaciones que podr\u00edan ocasionar las lluvias\u201d agreg\u00f3.<\/p>\n\n\n\n<p>Finalmente, acot\u00f3 que el trabajo de realizar mantenimiento a las quebradas y torrentes que pueden desbordarse es por instrucciones del mandatario regional Jos\u00e9 V\u00e1squez, en pro de evitar algunas afectaciones en zonas en riesgo.<\/p>\n\n\n\n<p>Sibci Gu\u00e1rico  <\/p>\n\n\n\n<p><\/p>\n","protected":false},"excerpt":{"rendered":"<p>A trav\u00e9s del equipo de la Fundaci\u00f3n Patria Socialista, presidido por Soraima Pic, inici\u00f3 la jornada especial de prevenci\u00f3n de inundaci\u00f3n en el estado Gu\u00e1rico, este plan busca garantizar el bienestar de la poblaci\u00f3n mediante el mantenimiento del alcantarillado en esta temporada de lluvias. Al respecto el gobernador, Jos\u00e9 V\u00e1squez,<\/p>\n","protected":false},"author":2,"featured_media":6812,"comment_status":"open","ping_status":"open","sticky":false,"template":"","format":"standard","meta":{"advanced_seo_description":"","jetpack_seo_html_title":"","jetpack_seo_noindex":false,"_jetpack_memberships_contains_paid_content":false,"footnotes":"","jetpack_publicize_message":"","jetpack_publicize_feature_enabled":true,"jetpack_social_post_already_shared":true,"jetpack_social_options":{"image_generator_settings":{"template":"highway","enabled":false},"version":2}},"categories":[284,251],"tags":[8,7,32],"class_list":["post-6811","post","type-post","status-publish","format-standard","has-post-thumbnail","hentry","category-gobierno-de-guarico","category-webdealta","tag-altagraciadeorituco","tag-guarico","tag-webdealta",""],"jetpack_publicize_connections":[],"jetpack_featured_media_url":"https:\/\/webdealta.info\/wp-content\/uploads\/2023\/04\/webdealta-lluvias-2023.png","jetpack_sharing_enabled":true,"jetpack_likes_enabled":true,"jetpack-related-posts":[],"jetpack_shortlink":"https:\/\/wp.me\/pcseDn-1LR","_links":{"self":[{"href":"https:\/\/webdealta.info\/index.php?rest_route=\/wp\/v2\/posts\/6811","targetHints":{"allow":["GET"]}}],"collection":[{"href":"https:\/\/webdealta.info\/index.php?rest_route=\/wp\/v2\/posts"}],"about":[{"href":"https:\/\/webdealta.info\/index.php?rest_route=\/wp\/v2\/types\/post"}],"author":[{"embeddable":true,"href":"https:\/\/webdealta.info\/index.php?rest_route=\/wp\/v2\/users\/2"}],"replies":[{"embeddable":true,"href":"https:\/\/webdealta.info\/index.php?rest_route=%2Fwp%2Fv2%2Fcomments&post=6811"}],"version-history":[{"count":1,"href":"https:\/\/webdealta.info\/index.php?rest_route=\/wp\/v2\/posts\/6811\/revisions"}],"predecessor-version":[{"id":6813,"href":"https:\/\/webdealta.info\/index.php?rest_route=\/wp\/v2\/posts\/6811\/revisions\/6813"}],"wp:featuredmedia":[{"embeddable":true,"href":"https:\/\/webdealta.info\/index.php?rest_route=\/wp\/v2\/media\/6812"}],"wp:attachment":[{"href":"https:\/\/webdealta.info\/index.php?rest_route=%2Fwp%2Fv2%2Fmedia&parent=6811"}],"wp:term":[{"taxonomy":"category","embeddable":true,"href":"https:\/\/webdealta.info\/index.php?rest_route=%2Fwp%2Fv2%2Fcategories&post=6811"},{"taxonomy":"post_tag","embeddable":true,"href":"https:\/\/webdealta.info\/index.php?rest_route=%2Fwp%2Fv2%2Ftags&post=6811"}],"curies":[{"name":"wp","href":"https:\/\/api.w.org\/{rel}","templated":true}]}}