{"id":6803,"date":"2023-04-22T12:57:15","date_gmt":"2023-04-22T16:57:15","guid":{"rendered":"https:\/\/webdealta.info\/?p=6803"},"modified":"2023-04-22T12:57:16","modified_gmt":"2023-04-22T16:57:16","slug":"el-poder-del-conocimiento-la-fotografia-y-angel-federico-pirrongelli","status":"publish","type":"post","link":"https:\/\/webdealta.info\/?p=6803","title":{"rendered":"El Poder del Conocimiento: la fotograf\u00eda y \u00c1ngel Federico Pirrongelli"},"content":{"rendered":"\n<p>Amanda Saldivia.-<\/p>\n\n\n\n<p>Entre los maravillosos inventos del hombre est\u00e1 la fotograf\u00eda. Por a\u00f1os intentaron capturar esos momentos impactantes de la historia y lo lograron tras innumerables pruebas como parte del ingenio de quienes impulsaron la sociedad industrial a finales del siglo XIX.<\/p>\n\n\n\n<p>Apareci\u00f3 la placa de bromuro en 1871, luego la pel\u00edcula fotogr\u00e1fica en la primera c\u00e1mara Kodak en 1888. Despu\u00e9s lleg\u00f3 Lumiere con la t\u00e9cnica de color en 1907, sigui\u00f3 el flash, la instant\u00e1nea en 1948 y a partir de 1990, la era digital.<\/p>\n\n\n\n<p>En nuestro terru\u00f1o los fot\u00f3grafos han sido claves para dejar constancia de nuestra historia. Esa que nos permite tener evidencia de los hechos ocurridos, de c\u00f3mo eran las familias que habitaron estas tierras y los acontecimientos importantes.<\/p>\n\n\n\n<p>Entre esos fot\u00f3grafos est\u00e1 uno que lleg\u00f3 de Calabria, Italia. Seg\u00fan el poeta Jos\u00e9 Francisco Mart\u00ednez, en su libro Historia del Beisbol en Altagracia de Orituco, \u00c1ngel Federico Pirrongelli era muy estimado y parte de sus registros fotogr\u00e1ficos est\u00e1n en esa obra sobre el beisbol.<\/p>\n\n\n\n<p>Por esa raz\u00f3n, incluy\u00f3 su biograf\u00eda donde se puede leer que \u201cAltagracia cont\u00f3 con uno de estos aut\u00e9nticos profesionales de la c\u00e1mara, quien se hizo famoso y supo ganarse el cari\u00f1o y la estima del conglomerado orituque\u00f1o\u201d.<\/p>\n\n\n\n<p>Registr\u00f3 que este talentoso fot\u00f3grafo italiano era farmac\u00e9utico graduado, adem\u00e1s ten\u00eda otros oficios, entre ellos relojero, platero, herrero, pintor y tocaba la flauta. Lleg\u00f3 a Venezuela cuando ten\u00eda 25 a\u00f1os.<\/p>\n\n\n\n<p>En 1908 se traslad\u00f3 de Caracas a San Jos\u00e9 de Guaribe. All\u00ed se cas\u00f3 en 1917 y viaj\u00f3 por parte del oriente del pa\u00eds, para despu\u00e9s radicarse en San Francisco de Macaira, siempre con la pasi\u00f3n de fotografiar.<\/p>\n\n\n\n<p>El autor plasm\u00f3 que para el a\u00f1o 1921 \u00c1ngel Federico Pirrongelli se residenci\u00f3 en Altagracia e instal\u00f3 un taller cerca de la plaza Bol\u00edvar. Tambi\u00e9n en San Rafael de Orituco tuvo una botica en 1937.<\/p>\n\n\n\n<p>El 20 de mayo de 1939, a la edad de 72 a\u00f1os, \u00c1ngel Federico Pirrongelli falleci\u00f3 producto de un accidente al manipular lo que se conoc\u00eda como truenos, que era una mezcla de elementos explosivos que utilizaba para lanzar en los pozos del r\u00edo Orituco, con la intenci\u00f3n de pescar, porque ah\u00ed abundaban las doradas y coporos.<\/p>\n\n\n\n<p>Sab\u00edas palabras nos dej\u00f3 el poeta Jos\u00e9 Francisco Mart\u00ednez al escribir que \u201clos fot\u00f3grafos han sido siempre personajes indispensables en la vida de los pueblos\u201d.<\/p>\n\n\n\n<p>Ese fue el micro de la semana, correspondiente a la serie El Poder del Conocimiento, iniciativa de la empresa Promasorca para enriquecer los saberes con historias, an\u00e9cdotas y curiosidades de esta regi\u00f3n orituque\u00f1a, de Venezuela y el mundo.  Son transmitidos en el programa Tiempo de Cambios por Activa 104.9 FM.<\/p>\n\n\n\n<p>@amandasaldivia<\/p>\n","protected":false},"excerpt":{"rendered":"<p>Amanda Saldivia.- Entre los maravillosos inventos del hombre est\u00e1 la fotograf\u00eda. Por a\u00f1os intentaron capturar esos momentos impactantes de la historia y lo lograron tras innumerables pruebas como parte del ingenio de quienes impulsaron la sociedad industrial a finales del siglo XIX. Apareci\u00f3 la placa de bromuro en 1871, luego<\/p>\n","protected":false},"author":2,"featured_media":6804,"comment_status":"open","ping_status":"open","sticky":false,"template":"","format":"standard","meta":{"advanced_seo_description":"","jetpack_seo_html_title":"","jetpack_seo_noindex":false,"_jetpack_memberships_contains_paid_content":false,"footnotes":"","jetpack_publicize_message":"","jetpack_publicize_feature_enabled":true,"jetpack_social_post_already_shared":true,"jetpack_social_options":{"image_generator_settings":{"template":"highway","enabled":false},"version":2}},"categories":[302,251],"tags":[8,7,32],"class_list":["post-6803","post","type-post","status-publish","format-standard","has-post-thumbnail","hentry","category-el-poder-del-conocimiento","category-webdealta","tag-altagraciadeorituco","tag-guarico","tag-webdealta",""],"jetpack_publicize_connections":[],"jetpack_featured_media_url":"https:\/\/webdealta.info\/wp-content\/uploads\/2023\/04\/angel-federico-pirrongelli-webdealta.png","jetpack_sharing_enabled":true,"jetpack_likes_enabled":true,"jetpack-related-posts":[],"jetpack_shortlink":"https:\/\/wp.me\/pcseDn-1LJ","_links":{"self":[{"href":"https:\/\/webdealta.info\/index.php?rest_route=\/wp\/v2\/posts\/6803","targetHints":{"allow":["GET"]}}],"collection":[{"href":"https:\/\/webdealta.info\/index.php?rest_route=\/wp\/v2\/posts"}],"about":[{"href":"https:\/\/webdealta.info\/index.php?rest_route=\/wp\/v2\/types\/post"}],"author":[{"embeddable":true,"href":"https:\/\/webdealta.info\/index.php?rest_route=\/wp\/v2\/users\/2"}],"replies":[{"embeddable":true,"href":"https:\/\/webdealta.info\/index.php?rest_route=%2Fwp%2Fv2%2Fcomments&post=6803"}],"version-history":[{"count":1,"href":"https:\/\/webdealta.info\/index.php?rest_route=\/wp\/v2\/posts\/6803\/revisions"}],"predecessor-version":[{"id":6805,"href":"https:\/\/webdealta.info\/index.php?rest_route=\/wp\/v2\/posts\/6803\/revisions\/6805"}],"wp:featuredmedia":[{"embeddable":true,"href":"https:\/\/webdealta.info\/index.php?rest_route=\/wp\/v2\/media\/6804"}],"wp:attachment":[{"href":"https:\/\/webdealta.info\/index.php?rest_route=%2Fwp%2Fv2%2Fmedia&parent=6803"}],"wp:term":[{"taxonomy":"category","embeddable":true,"href":"https:\/\/webdealta.info\/index.php?rest_route=%2Fwp%2Fv2%2Fcategories&post=6803"},{"taxonomy":"post_tag","embeddable":true,"href":"https:\/\/webdealta.info\/index.php?rest_route=%2Fwp%2Fv2%2Ftags&post=6803"}],"curies":[{"name":"wp","href":"https:\/\/api.w.org\/{rel}","templated":true}]}}