{"id":6795,"date":"2023-04-20T15:46:22","date_gmt":"2023-04-20T19:46:22","guid":{"rendered":"https:\/\/webdealta.info\/?p=6795"},"modified":"2023-04-20T15:46:23","modified_gmt":"2023-04-20T19:46:23","slug":"con-misa-realzaron-los-73-anos-del-hospital-dr-jose-francisco-torrealba","status":"publish","type":"post","link":"https:\/\/webdealta.info\/?p=6795","title":{"rendered":"Con misa realzaron los 73 a\u00f1os del hospital Dr. Jos\u00e9 Francisco Torrealba"},"content":{"rendered":"\n<p>Prensa alcald\u00eda.-<\/p>\n\n\n\n<p>Con una misa oficiada por el padre Alfonso Mota, inici\u00f3 la conmemoraci\u00f3n del 73 aniversario del hospital Dr. Jos\u00e9 Francisco Torrealba de Altagracia de Orituco, actividad celebrada este mi\u00e9rcoles 19 de abril con la asistencia de la primera combatiente Dr. Elsy Sol\u00f3rzano, personal m\u00e9dico de la instituci\u00f3n y de otros centros de salud que hacen vida en el municipio, personal administrativo, enfermeros y estudiantes de medicina.<\/p>\n\n\n\n<p>En las palabras de bienvenida, la licenciada en enfermer\u00eda Yesenia Dur\u00e1n, dio a conocer la rese\u00f1a hist\u00f3rica del hospital, destacando los logros obtenidos desde sus inicios hasta el presente, siendo este el principal centro de referencia del municipio y algunas \u00e1reas de influencia de estados vecinos como Aragua, Anzo\u00e1tegui y Miranda.<\/p>\n\n\n\n<p>El hospital cuenta actualmente con una capacidad de 102 camas, presta los servicios de emergencia adulto, pedi\u00e1trica, obstetricia, hospitalizaci\u00f3n de pediatr\u00eda, cuidados de neonatos, gineco-obstetricia, medicina interna, gastroenterolog\u00eda, urolog\u00eda, traumatolog\u00eda, cirug\u00eda general y neumonolog\u00eda; as\u00ed como tambi\u00e9n con los servicios de laboratorio, nutrici\u00f3n y diet\u00e9tica, desarrollo social, banco de sangre y quir\u00f3fano, entre otros.<\/p>\n\n\n\n<p>Como parte de la agenda aniversario, el padre Alfonso Mota recorri\u00f3 las salas de emergencia de adulto, emergencia pedi\u00e1trica, obstetricia, sala de parto, a las cuales bendijo, al tiempo que pidi\u00f3 sanaci\u00f3n para los pacientes recluidos. Lo hizo acompa\u00f1ado del personal m\u00e9dico, el director Jos\u00e9 Rodr\u00edguez y la primera combatiente Elsy Rodr\u00edguez.<\/p>\n\n\n\n<p>Por su parte, el Dr. Jos\u00e9 Rodr\u00edguez, director del hospital, expres\u00f3 que \u00abcuentan con un equipo que vino a darle respuestas, a levantar el hospital Jos\u00e9 Francisco Torrealba, a poner en alto este hospital que representa a Altagracia de Orituco, porque la salud en Altagracia renace\u00bb.<\/p>\n\n\n\n<p>De igual forma, se\u00f1al\u00f3 la importancia de resaltar las cosas buenas e invit\u00f3 al personal que labora en la instituci\u00f3n a ser portavoces de esas cosas, as\u00ed como tambi\u00e9n se comprometi\u00f3 a mejorar d\u00eda a d\u00eda la atenci\u00f3n que se brinda a los pacientes.<\/p>\n\n\n\n<p>\u00abEl paciente viene con un problema no podemos darle otro, debemos darle una alternativa, que cada paciente que entre por esas puertas salga agradeciendo la atenci\u00f3n, invito a cada uno de ustedes a seguir dando lo mejor de cada uno de nosotros por estas instalaciones y por nuestros pacientes\u00bb, recalc\u00f3 el Dr. Rodr\u00edguez.<\/p>\n\n\n\n<p>As\u00ed mismo, agradeci\u00f3 al alcalde Pedro Sol\u00f3rzano, a la Direcci\u00f3n Regional de Salud y al Ministerio del Poder Popular para la Salud, por el apoyo para continuar fortaleciendo el sistema de salud en el municipio.  <\/p>\n\n\n\n<p>fotos cortes\u00eda<\/p>\n\n\n\n<p><\/p>\n","protected":false},"excerpt":{"rendered":"<p>Prensa alcald\u00eda.- Con una misa oficiada por el padre Alfonso Mota, inici\u00f3 la conmemoraci\u00f3n del 73 aniversario del hospital Dr. Jos\u00e9 Francisco Torrealba de Altagracia de Orituco, actividad celebrada este mi\u00e9rcoles 19 de abril con la asistencia de la primera combatiente Dr. Elsy Sol\u00f3rzano, personal m\u00e9dico de la instituci\u00f3n y<\/p>\n","protected":false},"author":2,"featured_media":6796,"comment_status":"open","ping_status":"open","sticky":false,"template":"","format":"standard","meta":{"advanced_seo_description":"","jetpack_seo_html_title":"","jetpack_seo_noindex":false,"_jetpack_memberships_contains_paid_content":false,"footnotes":"","jetpack_publicize_message":"","jetpack_publicize_feature_enabled":true,"jetpack_social_post_already_shared":true,"jetpack_social_options":{"image_generator_settings":{"template":"highway","enabled":false},"version":2}},"categories":[335,251],"tags":[8,7,32],"class_list":["post-6795","post","type-post","status-publish","format-standard","has-post-thumbnail","hentry","category-locales","category-webdealta","tag-altagraciadeorituco","tag-guarico","tag-webdealta",""],"jetpack_publicize_connections":[],"jetpack_featured_media_url":"https:\/\/webdealta.info\/wp-content\/uploads\/2023\/04\/73-hospital.png","jetpack_sharing_enabled":true,"jetpack_likes_enabled":true,"jetpack-related-posts":[],"jetpack_shortlink":"https:\/\/wp.me\/pcseDn-1LB","_links":{"self":[{"href":"https:\/\/webdealta.info\/index.php?rest_route=\/wp\/v2\/posts\/6795","targetHints":{"allow":["GET"]}}],"collection":[{"href":"https:\/\/webdealta.info\/index.php?rest_route=\/wp\/v2\/posts"}],"about":[{"href":"https:\/\/webdealta.info\/index.php?rest_route=\/wp\/v2\/types\/post"}],"author":[{"embeddable":true,"href":"https:\/\/webdealta.info\/index.php?rest_route=\/wp\/v2\/users\/2"}],"replies":[{"embeddable":true,"href":"https:\/\/webdealta.info\/index.php?rest_route=%2Fwp%2Fv2%2Fcomments&post=6795"}],"version-history":[{"count":1,"href":"https:\/\/webdealta.info\/index.php?rest_route=\/wp\/v2\/posts\/6795\/revisions"}],"predecessor-version":[{"id":6797,"href":"https:\/\/webdealta.info\/index.php?rest_route=\/wp\/v2\/posts\/6795\/revisions\/6797"}],"wp:featuredmedia":[{"embeddable":true,"href":"https:\/\/webdealta.info\/index.php?rest_route=\/wp\/v2\/media\/6796"}],"wp:attachment":[{"href":"https:\/\/webdealta.info\/index.php?rest_route=%2Fwp%2Fv2%2Fmedia&parent=6795"}],"wp:term":[{"taxonomy":"category","embeddable":true,"href":"https:\/\/webdealta.info\/index.php?rest_route=%2Fwp%2Fv2%2Fcategories&post=6795"},{"taxonomy":"post_tag","embeddable":true,"href":"https:\/\/webdealta.info\/index.php?rest_route=%2Fwp%2Fv2%2Ftags&post=6795"}],"curies":[{"name":"wp","href":"https:\/\/api.w.org\/{rel}","templated":true}]}}